{"id":195,"date":"2009-12-23T09:06:57","date_gmt":"2009-12-23T09:06:57","guid":{"rendered":""},"modified":"-0001-11-30T00:00:00","modified_gmt":"-0001-11-29T22:00:00","slug":"","status":"publish","type":"post","link":"http:\/\/www.chapelle-crecy.com\/?p=195","title":{"rendered":"Accueillir la lumi\u00e8re de J\u00e9sus \u00e0\u00a0 No\u00ebl"},"content":{"rendered":"<table bgcolor =\"F0FAFF\" border=0>\n<tbody>\n<tr>\n<td>\n<div align=\"justify\">\n<div \"112\">\nLa c\u00e9l\u00e9bration de No\u00f6l est toute proche maintenant et nous sommes dans les pr\u00e9paratifs de la f\u00eate , du repas familial, des cadeaux, nos villes et villages sont illumin\u00e9s pour les f\u00eates de fin d&rsquo;ann\u00e9e. <br \/> <br \/>\nTout cela est beau mais deux r\u00e9flexions me viennent \u00e0\u00a0 l&rsquo;esprit :<\/div>\n<\/div>\n<\/td>\n<\/tr>\n<\/tbody>\n<\/table>\n<table bgcolor =\"F0FAFF\" border=0>\n<tbody>\n<tr>\n<td>\n<div align=\"justify\">\n&#8211; N&rsquo;oublions pas la signification religieuse de No\u00ebl, la naissance de J\u00e9sus, le Sauveur qui a apport\u00e9 une esp\u00e9rance il y a 2000 ans pour un monde nouveau sur la terre : \u00ab Gloire \u00e0 Dieu et paix sur la terre ! \u00bb.<br \/>\nIl ne s&rsquo;agit pas d&rsquo;un \u00e9v\u00e9nement du pass\u00e9 mais de la naissance de J\u00e9sus aujourd&rsquo;hui dans nos vies, dans nos coeurs, dans notre monde. Accueillons J\u00e9sus-Christ, lumi\u00e8re du monde qui fait reculer les t\u00e9n\u00e8bres de nos doutes et de nos d\u00e9couragements, les t\u00e9n\u00e8bres de la violence, de l&rsquo;\u00e9go\u00efsme, de l&rsquo;indiff\u00e9rence de notre monde. Alors s&rsquo;ouvre un chemin de lumi\u00e8re, de foi, d&rsquo;esp\u00e9rance et de paix.<br \/>\nChaque ann\u00e9e, de nombreux jeunes se rassemblent \u00e0 l&rsquo;invitation de la communaut\u00e9 de Taiz\u00e9 pour le p\u00e8lerinage de confiance et nous pouvons chanter avec eux : \u00ab J\u00e9sus le Christ, lumi\u00e8re int\u00e9rieure , donne-moi d&rsquo;accueillir ton amour \u00bb <\/div>\n<p><\/p>\n<div align=\"justify\">\n&#8211; N&rsquo;oublions pas toutes celles et ceux pour qui No\u00ebl ne sera pas forc\u00e9ment synonyme de f\u00eate. La visite de J\u00e9sus aux bergers, les premiers \u00e0 b\u00e9n\u00e9ficier de l&rsquo;annonce de la Bonne Nouvelle du salut, est pour nous un message clair. Les Ev\u00eaques de France l&rsquo;ont rappel\u00e9 \u00e0 Lourdes : \u00ab A l&rsquo;approche de No\u00ebl,  nous vous lan\u00e7ons un appel, afin de vous encourager  \u00e0 ressourcer tout effort de solidarit\u00e9 dans le myst\u00e8re du Fils de Dieu, n\u00e9 de Marie , qui s&rsquo;est fait pauvre pour nous enrichir de sa pauvret\u00e9 \u00bb. Que la pr\u00e9paration de la f\u00eate soit aussi pour nous l&rsquo;occasion de faire un geste de partage, seul ou en famille, pour permettre que les exclus, dans notre pays et dans le monde (et les appels ne manquent pas !) puissent vivre un No\u00ebl de lumi\u00e8re , d&rsquo;esp\u00e9rance et de paix.<\/p>\n<p> <br \/>\nA tous, Sainte f\u00eate de No\u00ebl et bonne ann\u00e9e 2010 !<\/p>\n<p>Abb\u00e9 Philippe LEGRAND<br \/>\n<br \/>\nCur\u00e9 du p\u00f4le missionnaire de Meaux<\/div>\n<\/td>\n<\/tr>\n<\/tbody>\n<\/table>\n<div align=\"center\"><img decoding=\"async\" src=\"\/IMG\/jpg\/DSC03991.jpg\"><\/p>\n<p><img decoding=\"async\" src=\"\/IMG\/jpg\/DSC03995.jpg\">\n<\/div>\n","protected":false},"excerpt":{"rendered":"<p>La c\u00e9l\u00e9bration de No\u00f6l est toute proche maintenant et nous sommes dans les pr\u00e9paratifs de la f\u00eate , du repas familial, des cadeaux, nos villes et villages sont illumin\u00e9s pour les f\u00eates de fin&#46;&#46;&#46;<\/p>\n","protected":false},"author":2,"featured_media":0,"comment_status":"open","ping_status":"open","sticky":false,"template":"","format":"standard","meta":{"footnotes":""},"categories":[],"tags":[],"class_list":["post-195","post","type-post","status-publish","format-standard","hentry"],"_links":{"self":[{"href":"http:\/\/www.chapelle-crecy.com\/index.php?rest_route=\/wp\/v2\/posts\/195","targetHints":{"allow":["GET"]}}],"collection":[{"href":"http:\/\/www.chapelle-crecy.com\/index.php?rest_route=\/wp\/v2\/posts"}],"about":[{"href":"http:\/\/www.chapelle-crecy.com\/index.php?rest_route=\/wp\/v2\/types\/post"}],"author":[{"embeddable":true,"href":"http:\/\/www.chapelle-crecy.com\/index.php?rest_route=\/wp\/v2\/users\/2"}],"replies":[{"embeddable":true,"href":"http:\/\/www.chapelle-crecy.com\/index.php?rest_route=%2Fwp%2Fv2%2Fcomments&post=195"}],"version-history":[{"count":0,"href":"http:\/\/www.chapelle-crecy.com\/index.php?rest_route=\/wp\/v2\/posts\/195\/revisions"}],"wp:attachment":[{"href":"http:\/\/www.chapelle-crecy.com\/index.php?rest_route=%2Fwp%2Fv2%2Fmedia&parent=195"}],"wp:term":[{"taxonomy":"category","embeddable":true,"href":"http:\/\/www.chapelle-crecy.com\/index.php?rest_route=%2Fwp%2Fv2%2Fcategories&post=195"},{"taxonomy":"post_tag","embeddable":true,"href":"http:\/\/www.chapelle-crecy.com\/index.php?rest_route=%2Fwp%2Fv2%2Ftags&post=195"}],"curies":[{"name":"wp","href":"https:\/\/api.w.org\/{rel}","templated":true}]}}