{"id":196,"date":"2009-12-31T13:44:39","date_gmt":"2009-12-31T13:44:39","guid":{"rendered":""},"modified":"-0001-11-30T00:00:00","modified_gmt":"-0001-11-29T22:00:00","slug":"","status":"publish","type":"post","link":"http:\/\/www.chapelle-crecy.com\/?p=196","title":{"rendered":"Du fond du coeur"},"content":{"rendered":"<table bgcolor =\"F0FAFF\" border=0>\n<tbody>\n<tr>\n<td>\n<div align=\"justify\">\n<div \"113\">\nNous avons d\u00e9cid\u00e9 de laisser de c t\u00e9<br \/>\nLe vocable habituel, les deux mots \u00ab bonne ann\u00e9e \u00bb,<br \/>\nNon us\u00e9s par le temps, rajeunis en janvier,<br \/>\nPour vous dire humblement nos voeux en quelques pieds. <\/div>\n<\/td>\n<\/tr>\n<\/tbody>\n<\/table>\n<p>Nous vous souhaitons la bonne sant\u00e9  pour vos corps<\/p>\n<p>Vos coeurs et vos \u00e2mes, trio qui sera fort<\/p>\n<p>Pour tenir debout dans les dures temp\u00eates,<\/p>\n<p>Que la vie nous sert sans tambours, ni trompettes. <\/p>\n<p>Nous vous souhaitons la joie, bien s\u00fbr \u00e0 go\u00fbter,<\/p>\n<p>Et \u00e0 donner partout, ici, l\u00e0-bas, tout pr\u00e8s.<\/p>\n<p>Dans les coeurs, sur les visages, signe de vie<\/p>\n<p>Qui \u00e9claire les jours et apporte l&rsquo;harmonie. <\/p>\n<p>Nous vous souhaitons l&rsquo;esp\u00e9rance, don pr\u00e9cieux<\/p>\n<p>Re\u00e7u de l&rsquo;Eternel. En ces temps capricieux<\/p>\n<p>Nos routes ont faim de dignit\u00e9 et d&rsquo;espoir<\/p>\n<p>Qui nous m\u00e8neront jusqu&rsquo;\u00e0 l&rsquo;arriv\u00e9e du soir. <\/p>\n<p>Nous vous souhaitons le bonheur, chaud et solide.<\/p>\n<p>Qu&rsquo;il habille vos regards de feux splendides,<\/p>\n<p>Eclairant l&rsquo;avenir d&rsquo;un amour paisible,<\/p>\n<p>Augurant d&rsquo;autres matins toujours possibles. <\/p>\n<p>Nous vous souhaitons l&rsquo;amiti\u00e9, puissante et vraie<\/p>\n<p>Qui \u00e9gaye les heures et soutient l&rsquo;exil\u00e9.<\/p>\n<p>Qu&rsquo;elle soit rayonnante au profit des petits<\/p>\n<p>Dont la vie est sans sel, sur un air de repli. <\/p>\n<p>Que votre chemin soit fleuri et enchant\u00e9 !<\/p>\n<p>Que vos aurores soient limpides comme la ros\u00e9e !<\/p>\n<p>Que votre refrain, sur des notes jolies,<\/p>\n<p>Berce vos jours en une douce symphonie ! <\/p>\n<p>L&rsquo;Equipe de r\u00e9daction du site vous adresse \u00e0 chacun et \u00e0 tous<br \/>\nses meilleurs voeux pour 2010<\/p>\n<div align=\"center\"><img decoding=\"async\" src=\"\/IMG\/jpg\/bonne_annee.jpg\"><\/div>\n","protected":false},"excerpt":{"rendered":"<p>Nous avons d\u00e9cid\u00e9 de laisser de c t\u00e9 Le vocable habituel, les deux mots \u00ab bonne ann\u00e9e \u00bb, Non us\u00e9s par le temps, rajeunis en janvier, Pour vous dire humblement nos voeux en quelques&#46;&#46;&#46;<\/p>\n","protected":false},"author":2,"featured_media":0,"comment_status":"open","ping_status":"open","sticky":false,"template":"","format":"standard","meta":{"footnotes":""},"categories":[],"tags":[],"class_list":["post-196","post","type-post","status-publish","format-standard","hentry"],"_links":{"self":[{"href":"http:\/\/www.chapelle-crecy.com\/index.php?rest_route=\/wp\/v2\/posts\/196","targetHints":{"allow":["GET"]}}],"collection":[{"href":"http:\/\/www.chapelle-crecy.com\/index.php?rest_route=\/wp\/v2\/posts"}],"about":[{"href":"http:\/\/www.chapelle-crecy.com\/index.php?rest_route=\/wp\/v2\/types\/post"}],"author":[{"embeddable":true,"href":"http:\/\/www.chapelle-crecy.com\/index.php?rest_route=\/wp\/v2\/users\/2"}],"replies":[{"embeddable":true,"href":"http:\/\/www.chapelle-crecy.com\/index.php?rest_route=%2Fwp%2Fv2%2Fcomments&post=196"}],"version-history":[{"count":0,"href":"http:\/\/www.chapelle-crecy.com\/index.php?rest_route=\/wp\/v2\/posts\/196\/revisions"}],"wp:attachment":[{"href":"http:\/\/www.chapelle-crecy.com\/index.php?rest_route=%2Fwp%2Fv2%2Fmedia&parent=196"}],"wp:term":[{"taxonomy":"category","embeddable":true,"href":"http:\/\/www.chapelle-crecy.com\/index.php?rest_route=%2Fwp%2Fv2%2Fcategories&post=196"},{"taxonomy":"post_tag","embeddable":true,"href":"http:\/\/www.chapelle-crecy.com\/index.php?rest_route=%2Fwp%2Fv2%2Ftags&post=196"}],"curies":[{"name":"wp","href":"https:\/\/api.w.org\/{rel}","templated":true}]}}