{"id":197,"date":"2010-01-02T23:06:40","date_gmt":"2010-01-02T23:06:40","guid":{"rendered":""},"modified":"-0001-11-30T00:00:00","modified_gmt":"-0001-11-29T22:00:00","slug":"","status":"publish","type":"post","link":"http:\/\/www.chapelle-crecy.com\/?p=197","title":{"rendered":"Annonces de la semaine du 4 au 10 janvier 2010"},"content":{"rendered":"<table bgcolor =\"F0FAFF\" border=0>\n<tbody>\n<tr>\n<td>\n<div align=\"justify\">\n<div \"114\">Voici les annonces de la semaine du lundi 4 au dimanche 10 janvier pour la paroisse des 3 clochers Cr\u00e9cy-la-Chapelle, Villiers-sur-Morin, Voulangis.<\/div>\n<\/div>\n<\/td>\n<\/tr>\n<\/tbody>\n<\/table>\n<table bgcolor =\"F0F6FF\" border=0>\n<tbody>\n<tr>\n<td width=150><font color=\"00FF00\">Lundi 4 janvier<\/font><\/td>\n<td><font color=\"00FF00\">17 h &#8211; Messe \u00e0 la Maison de Retraite pour Gilles DUWARD.<\/font><\/td>\n<td><font color=\"00FF00\"><\/p>\n<div align=\"center\"><img decoding=\"async\" src=\"\/IMG\/gif\/bibles004.gif\"><\/fonT><\/td>\n<p><\/font><\/td>\n<\/tr>\n<tr>\n<td><font color=\"CC20AA\">Mercredi 6 janvier<\/font><\/td>\n<td><font color=\"CC20AA\">14 h 45  Obs\u00e8ques \u00e0 Cr\u00e9cy de Janine LECLERCQ.<\/font><\/td>\n<td><font color=\"CC20AA\">18 h &#8211;  Messe \u00e0 Cr\u00e9cy pour  Vincent LAVAL<\/font><\/td>\n<\/tr>\n<tr>\n<td><font color=\"00FF00\"><\/p>\n<div align=\"center\"><img decoding=\"async\" src=\"\/IMG\/gif\/cross.gif\" ><\/fonT><\/td>\n<td><font color=\"00FF00\">Jeudi 7 janvier<\/font><\/td>\n<td><font color=\"00FF00\">9 h &#8211;   Messe \u00e0 Cr\u00e9cy pour   Roger FREMONT.<\/font><\/td>\n<\/tr>\n<tr>\n<td><font color=\"0020FF\">Vendredi 8 janvier<\/font><\/td>\n<td><font color=\"0020FF\">9 h-  Messe \u00e0 Cr\u00e9cy  pour Genevi\u00e8ve LESCUYER.<\/font><\/td>\n<td><font color=\"00FF00\"><\/p>\n<div align=\"center\"><img decoding=\"async\" src=\"\/IMG\/gif\/coupes004.gif\"><\/fonT><\/td>\n<\/tr>\n<tr>\n<td><font color=\"CC20AA\">Samedi 9 janvier<\/font><\/td>\n<td><font color=\"CC20AA\">18 h 30  A Voulangis, Messe anniversaire pour Antoinette GRIFFON<\/font><\/td>\n<td><font color=\"CC20AA\">20 h &#8211; R\u00e9union de l&rsquo;\u00e9quipe MEJ des T\u00e9moins d&rsquo;Aujourd&rsquo;hui<\/fonT><\/td>\n<\/tr>\n<tr>\n<td><font color=\"0020FF\"><\/p>\n<div align=\"center\"><img decoding=\"async\" src=\"\/IMG\/lieux\/stgeorges03.jpg\" width=150><\/div>\n<p><\/fonT><\/td>\n<td><font color=\"00FF00\">Dimanche 10 janvier<\/font><\/td>\n<td><font color=\"00FF00\">10 h 30  Messe \u00e0 Cr\u00e9cy pour Carmen VALLEE.<\/font><\/td>\n<\/tr>\n<\/tbody>\n<\/table>\n","protected":false},"excerpt":{"rendered":"<p>Voici les annonces de la semaine du lundi 4 au dimanche 10 janvier pour la paroisse des 3 clochers Cr\u00e9cy-la-Chapelle, Villiers-sur-Morin, Voulangis. Lundi 4 janvier 17 h &#8211; Messe \u00e0 la Maison de Retraite&#46;&#46;&#46;<\/p>\n","protected":false},"author":2,"featured_media":0,"comment_status":"open","ping_status":"open","sticky":false,"template":"","format":"standard","meta":{"footnotes":""},"categories":[],"tags":[],"class_list":["post-197","post","type-post","status-publish","format-standard","hentry"],"_links":{"self":[{"href":"http:\/\/www.chapelle-crecy.com\/index.php?rest_route=\/wp\/v2\/posts\/197","targetHints":{"allow":["GET"]}}],"collection":[{"href":"http:\/\/www.chapelle-crecy.com\/index.php?rest_route=\/wp\/v2\/posts"}],"about":[{"href":"http:\/\/www.chapelle-crecy.com\/index.php?rest_route=\/wp\/v2\/types\/post"}],"author":[{"embeddable":true,"href":"http:\/\/www.chapelle-crecy.com\/index.php?rest_route=\/wp\/v2\/users\/2"}],"replies":[{"embeddable":true,"href":"http:\/\/www.chapelle-crecy.com\/index.php?rest_route=%2Fwp%2Fv2%2Fcomments&post=197"}],"version-history":[{"count":0,"href":"http:\/\/www.chapelle-crecy.com\/index.php?rest_route=\/wp\/v2\/posts\/197\/revisions"}],"wp:attachment":[{"href":"http:\/\/www.chapelle-crecy.com\/index.php?rest_route=%2Fwp%2Fv2%2Fmedia&parent=197"}],"wp:term":[{"taxonomy":"category","embeddable":true,"href":"http:\/\/www.chapelle-crecy.com\/index.php?rest_route=%2Fwp%2Fv2%2Fcategories&post=197"},{"taxonomy":"post_tag","embeddable":true,"href":"http:\/\/www.chapelle-crecy.com\/index.php?rest_route=%2Fwp%2Fv2%2Ftags&post=197"}],"curies":[{"name":"wp","href":"https:\/\/api.w.org\/{rel}","templated":true}]}}