{"id":198,"date":"2010-01-09T13:19:00","date_gmt":"2010-01-09T13:19:00","guid":{"rendered":""},"modified":"-0001-11-30T00:00:00","modified_gmt":"-0001-11-29T22:00:00","slug":"","status":"publish","type":"post","link":"http:\/\/www.chapelle-crecy.com\/?p=198","title":{"rendered":"Annonces de la semaine du 9 au 17 janvier 2010"},"content":{"rendered":"<table bgcolor =\"F0FAFF\" border=0>\n<tbody>\n<tr>\n<td>\n<div align=\"justify\">\n<div \"115\">Voici les annonces de la semaine du samedi 9 au dimanche 17 janvier pour la paroisse des 3 clochers Cr\u00e9cy-la-Chapelle, Villiers-sur-Morin, Voulangis.<\/div>\n<\/div>\n<\/td>\n<\/tr>\n<\/tbody>\n<\/table>\n<table bgcolor =\"F0F6FF\" border=0>\n<tbody>\n<tr>\n<td><font color=\"CC20AA\">Samedi 9 janvier<\/font><\/td>\n<td><font color=\"CC20AA\">18 h 30  A Voulangis,<br \/>\nla Messe de ce soir est c\u00e9l\u00e9br\u00e9e pour Carmen VALLEE. Nous prions \u00e9galement pour Anne-Marie RICHARD r\u00e9cemment d\u00e9c\u00e9d\u00e9e.<\/font><\/td>\n<td><font color=\"CC20AA\">20 h &#8211; R\u00e9union de l&rsquo;\u00e9quipe MEJ des T\u00e9moins d&rsquo;Aujourd&rsquo;hui<\/fonT><\/td>\n<\/tr>\n<tr>\n<td><font color=\"0020FF\"><\/p>\n<div align=\"center\"><img decoding=\"async\" src=\"\/IMG\/lieux\/stgeorges03.jpg\" width=150><\/div>\n<p><\/fonT><\/td>\n<td><font color=\"00FF00\">Dimanche 10 janvier<\/font><\/td>\n<td><font color=\"00FF00\">10 h 30  Messe \u00e0 Cr\u00e9cy pour  Andr\u00e9 GROSSET. Nous prions aussi pour Germaine CHERON et Janine LECLERCQ inhum\u00e9es cette semaine.<\/font><\/td>\n<\/tr>\n<tr>\n<td width=150><font color=\"0020FF\">Lundi 11 janvier<\/font><\/td>\n<td><font color=\"0020FF\">10h 30 &#8211; A Villiers, obs\u00e8ques de Michel PERRONNET.<\/p>\n<p>14 h 30 &#8211; R\u00e9union de l&rsquo;\u00e9quipe du Rosaire chez Mme ADAM.<\/fonT><\/td>\n<td><font color=\"0020FF\">17 h  Messe \u00e0 la Maison de Retraite pour  Jean BEAUSIRE.<\/p>\n<p>20 h 30  R\u00e9union des  Permanents de l&rsquo;Accueil<\/font> <font color=\"FF0000\">AU PRESBYTERE.<\/font><\/td>\n<\/tr>\n<tr>\n<td><font color=\"CC20AA\">Mercredi 13 janvier<\/font><\/td>\n<td><font color=\"CC20AA\">18 h 30-  Messe \u00e0 Cr\u00e9cy pour  Roger LECLERE.<\/font><\/td>\n<td><font color=\"00FF00\"><\/p>\n<div align=\"center\"><img decoding=\"async\" src=\"\/IMG\/gif\/bibles004.gif\"><\/fonT><\/td>\n<\/tr>\n<tr>\n<td><font color=\"00FF00\"><\/p>\n<div align=\"center\"><img decoding=\"async\" src=\"\/IMG\/gif\/cross.gif\" ><\/fonT><\/td>\n<td><font color=\"00FF00\">Jeudi 14 janvier<\/font><\/td>\n<td><font color=\"00FF00\">18 h  30-   Messe \u00e0 Cr\u00e9cy pour Maurice VANBUREN.<\/font><\/td>\n<\/tr>\n<tr>\n<td><font color=\"0020FF\">Vendredi15 janvier<\/font><\/td>\n<td><font color=\"0020FF\">18 h 30  &#8211; Messe \u00e0 Cr\u00e9cy  pour  Anne-Marie RICHARD.<\/font><\/td>\n<td><font color=\"00FF00\"><\/p>\n<div align=\"center\"><img decoding=\"async\" src=\"\/IMG\/gif\/coupes004.gif\"><\/fonT><\/td>\n<\/tr>\n<tr>\n<td><font color=\"CC20AA\">Samedi 16 janvier<\/font><\/td>\n<td><font color=\"CC20AA\">18 h 30  &#8211; Messe \u00e0 Villiers  pour Robert THEVENIN.<\/font><\/td>\n<td><font color=\"CC20AA\">20 h &#8211; R\u00e9union de l&rsquo;\u00e9quipe MEJ des T\u00e9moins d&rsquo;Aujourd&rsquo;hui<\/fonT><\/td>\n<\/tr>\n<tr>\n<td><font color=\"0020FF\"><\/p>\n<div align=\"center\"><img decoding=\"async\" src=\"\/IMG\/lieux\/stgeorges01.jpg\" width=150><\/div>\n<p><\/fonT><\/td>\n<td><font color=\"00FF00\">Dimanche 16 janvier<\/font><\/td>\n<td><font color=\"00FF00\">10 h 30 &#8211;   Messe \u00e0 Cr\u00e9cy pour  Andr\u00e9  GROSSET.<\/font><\/td>\n<\/tr>\n<\/tbody>\n<\/table>\n","protected":false},"excerpt":{"rendered":"<p>Voici les annonces de la semaine du samedi 9 au dimanche 17 janvier pour la paroisse des 3 clochers Cr\u00e9cy-la-Chapelle, Villiers-sur-Morin, Voulangis. Samedi 9 janvier 18 h 30 A Voulangis, la Messe de ce&#46;&#46;&#46;<\/p>\n","protected":false},"author":2,"featured_media":0,"comment_status":"open","ping_status":"open","sticky":false,"template":"","format":"standard","meta":{"footnotes":""},"categories":[],"tags":[],"class_list":["post-198","post","type-post","status-publish","format-standard","hentry"],"_links":{"self":[{"href":"http:\/\/www.chapelle-crecy.com\/index.php?rest_route=\/wp\/v2\/posts\/198","targetHints":{"allow":["GET"]}}],"collection":[{"href":"http:\/\/www.chapelle-crecy.com\/index.php?rest_route=\/wp\/v2\/posts"}],"about":[{"href":"http:\/\/www.chapelle-crecy.com\/index.php?rest_route=\/wp\/v2\/types\/post"}],"author":[{"embeddable":true,"href":"http:\/\/www.chapelle-crecy.com\/index.php?rest_route=\/wp\/v2\/users\/2"}],"replies":[{"embeddable":true,"href":"http:\/\/www.chapelle-crecy.com\/index.php?rest_route=%2Fwp%2Fv2%2Fcomments&post=198"}],"version-history":[{"count":0,"href":"http:\/\/www.chapelle-crecy.com\/index.php?rest_route=\/wp\/v2\/posts\/198\/revisions"}],"wp:attachment":[{"href":"http:\/\/www.chapelle-crecy.com\/index.php?rest_route=%2Fwp%2Fv2%2Fmedia&parent=198"}],"wp:term":[{"taxonomy":"category","embeddable":true,"href":"http:\/\/www.chapelle-crecy.com\/index.php?rest_route=%2Fwp%2Fv2%2Fcategories&post=198"},{"taxonomy":"post_tag","embeddable":true,"href":"http:\/\/www.chapelle-crecy.com\/index.php?rest_route=%2Fwp%2Fv2%2Ftags&post=198"}],"curies":[{"name":"wp","href":"https:\/\/api.w.org\/{rel}","templated":true}]}}