{"id":200,"date":"2010-01-15T21:01:08","date_gmt":"2010-01-15T21:01:08","guid":{"rendered":""},"modified":"-0001-11-30T00:00:00","modified_gmt":"-0001-11-29T22:00:00","slug":"","status":"publish","type":"post","link":"http:\/\/www.chapelle-crecy.com\/?p=200","title":{"rendered":"Annonces de la semaine du 16 au 24 janvier 2010"},"content":{"rendered":"<table bgcolor =\"F0FAFF\" border=0>\n<tbody>\n<tr>\n<td>\n<div align=\"justify\">\n<div \"118\">Voici les annonces de la semaine du samedi 16 au dimanche 24 d\u00e9cembre pour la paroisse des 3 clochers Cr\u00e9cy-la-Chapelle, Villiers-sur-Morin, Voulangis.<br \/>\nSamedi 16 janvier 18h30 : messe \u00e0\u00a0 Villiers. Dimanche 17 \u00e0\u00a0 10h30: Cr\u00e9cy <br \/>\nSamedi 23 janvier 18h30 : messe \u00e0\u00a0 Voulangis. Dimanche 24 \u00e0\u00a0 10h30 : Cr\u00e9cy.<br \/>\nTout le programme dans la suite &#8230;<\/div>\n<\/div>\n<\/td>\n<\/tr>\n<\/tbody>\n<\/table>\n<table bgcolor =\"F0F6FF\" border=0>\n<tbody>\n<tr>\n<td><font color=\"CC20AA\">Samedi 16 janvier<\/font><\/td>\n<td><font color=\"CC20AA\">18 h 30  &#8211; Messe \u00e0 Villiers  pour Robert THEVENIN. Nous prions \u00e9galement pour Michel PERRONET inhum\u00e9 cette semaine.<\/font><\/td>\n<td><font color=\"CC20AA\">20 h &#8211; R\u00e9union de l&rsquo;\u00e9quipe MEJ des T\u00e9moins d&rsquo;Aujourd&rsquo;hui<\/fonT><\/td>\n<\/tr>\n<tr>\n<td><font color=\"00F000\"><\/p>\n<div align=\"center\"><img decoding=\"async\" src=\"\/IMG\/lieux\/stgeorges01.jpg\" width=150><\/div>\n<p><\/fonT><\/td>\n<td><font color=\"00F000\">Dimanche 17 janvier<\/font><\/td>\n<td><font color=\"00F000\">10 h 30 &#8211;  Messe \u00e0 Cr\u00e9cy pour  Andr\u00e9  GROSSET. Nous prierons aussi pour Marcelle GONDARD inhum\u00e9e jeudi.<\/font><\/td>\n<\/tr>\n<tr>\n<td width=150><font color=\"0020FF\">Lundi 18 janvier<\/font><\/td>\n<td><font color=\"0020FF\">17 h &#8211; Messe \u00e0 la Maison de Retraite pour Jeanine LECLERCQ.<\/font><\/td>\n<td><font color=\"0020FF\">20 h 30  R\u00e9union de l&rsquo;Equipe d&rsquo; Animation Pastorale.<\/font><\/td>\n<\/tr>\n<td><font color=\"CC20AA\">Mardi 19 janvier<\/font><\/td>\n<td><font color=\"CC20AA\">9 h  Messe \u00e0 Cr\u00e9cy pour  les Ames du Purgatoire.<\/font><\/td>\n<td><font color=\"00FF00\"><\/p>\n<div align=\"center\"><img decoding=\"async\" src=\"\/IMG\/gif\/bibles004.gif\"><\/fonT><\/td>\n<p><\/font><\/td>\n<\/tr>\n<tr>\n<td><font color=\"404040\"><\/p>\n<div align=\"center\"><img decoding=\"async\" src=\"\/IMG\/gif\/lumiere_65.gif\"><\/fonT><\/td>\n<p><\/font><\/td>\n<td><font color=\"404040\">Mercredi 20 janvier<\/font><\/td>\n<td><font color=\"404040\">18 h &#8211;  Messe \u00e0 Cr\u00e9cy pour  Eug\u00e9nie PERRIER.<\/font><\/td>\n<\/tr>\n<tr>\n<td><font color=\"00F000\">Jeudi 21 janvier<\/font><\/td>\n<td><font color=\"00F000\"><br \/>9 h &#8211; Messe \u00e0 Cr\u00e9cy pour Yvonne LIEVIN.<\/font><\/td>\n<td><font color=\"00F000\">15 h &#8211; Obs\u00e8ques d&rsquo;Adrien HERVIN \u00e0 Cr\u00e9cy.<\/fonT><\/td>\n<\/tr>\n<tr>\n<td><font color=\"0020FF\">Vendredi 22 janvier<\/font><\/td>\n<td><font color=\"0020FF\">18 h &#8211;  Messe \u00e0 Cr\u00e9cy  pour  Christophe CIESLA.<\/font><\/td>\n<td><font color=\"00FF00\"><\/p>\n<div align=\"center\"><img decoding=\"async\" src=\"\/IMG\/gif\/coupes004.gif\"><\/fonT><\/td>\n<\/tr>\n<tr>\n<td><font color=\"CC20AA\">Samedi 23 janvier<\/font><\/td>\n<td><font color=\"CC20AA\">de 10 h \u00e0 11 h 30 &#8211;   R\u00e9union de l&rsquo;\u00e9quipe  MEJ  \u00ab Jeunes T\u00e9moins \u00bb.<\/font><\/td>\n<td><font color=\"CC20AA\"><br \/>\n18 h 30 &#8211; Messe \u00e0 Voulangis pour  Andr\u00e9 HUYS. Apr\u00e8s la Messe, r\u00e9union de  l\u00e2\u20ac\u02dcAUMONERIE,  avec repas partag\u00e9<\/fonT><\/td>\n<\/tr>\n<tr>\n<td><font color=\"00F000\"><\/p>\n<div align=\"center\"><img decoding=\"async\" src=\"\/IMG\/lieux\/stgeorges02.jpg\" width=150><\/div>\n<p><\/fonT><\/td>\n<td><font color=\"00F000\">Dimanche 24 janvier<\/font><\/td>\n<td><font color=\"00F000\">10 h 30  Messe \u00e0 Cr\u00e9cy pour Philippe CAIN.<\/font><\/td>\n<\/tr>\n<\/tbody>\n<\/table>\n","protected":false},"excerpt":{"rendered":"<p>Voici les annonces de la semaine du samedi 16 au dimanche 24 d\u00e9cembre pour la paroisse des 3 clochers Cr\u00e9cy-la-Chapelle, Villiers-sur-Morin, Voulangis. Samedi 16 janvier 18h30 : messe \u00e0\u00a0 Villiers. Dimanche 17 \u00e0\u00a0 10h30:&#46;&#46;&#46;<\/p>\n","protected":false},"author":2,"featured_media":0,"comment_status":"open","ping_status":"open","sticky":false,"template":"","format":"standard","meta":{"footnotes":""},"categories":[],"tags":[],"class_list":["post-200","post","type-post","status-publish","format-standard","hentry"],"_links":{"self":[{"href":"http:\/\/www.chapelle-crecy.com\/index.php?rest_route=\/wp\/v2\/posts\/200","targetHints":{"allow":["GET"]}}],"collection":[{"href":"http:\/\/www.chapelle-crecy.com\/index.php?rest_route=\/wp\/v2\/posts"}],"about":[{"href":"http:\/\/www.chapelle-crecy.com\/index.php?rest_route=\/wp\/v2\/types\/post"}],"author":[{"embeddable":true,"href":"http:\/\/www.chapelle-crecy.com\/index.php?rest_route=\/wp\/v2\/users\/2"}],"replies":[{"embeddable":true,"href":"http:\/\/www.chapelle-crecy.com\/index.php?rest_route=%2Fwp%2Fv2%2Fcomments&post=200"}],"version-history":[{"count":0,"href":"http:\/\/www.chapelle-crecy.com\/index.php?rest_route=\/wp\/v2\/posts\/200\/revisions"}],"wp:attachment":[{"href":"http:\/\/www.chapelle-crecy.com\/index.php?rest_route=%2Fwp%2Fv2%2Fmedia&parent=200"}],"wp:term":[{"taxonomy":"category","embeddable":true,"href":"http:\/\/www.chapelle-crecy.com\/index.php?rest_route=%2Fwp%2Fv2%2Fcategories&post=200"},{"taxonomy":"post_tag","embeddable":true,"href":"http:\/\/www.chapelle-crecy.com\/index.php?rest_route=%2Fwp%2Fv2%2Ftags&post=200"}],"curies":[{"name":"wp","href":"https:\/\/api.w.org\/{rel}","templated":true}]}}