{"id":201,"date":"2010-01-16T17:06:37","date_gmt":"2010-01-16T17:06:37","guid":{"rendered":""},"modified":"-0001-11-30T00:00:00","modified_gmt":"-0001-11-29T22:00:00","slug":"","status":"publish","type":"post","link":"http:\/\/www.chapelle-crecy.com\/?p=201","title":{"rendered":"Urgence Se\u00e0\u00afsme Ha\u00e0\u00afti"},"content":{"rendered":"<table bgcolor =\"F0FAFF\" border=0>\n<tbody>\n<tr>\n<td>\n<div align=\"justify\">\n<div \"119\">\n<div align=\"justify\">Les Scouts et Guides de France se mobilisent aupr\u00e8s des 30 000 scouts ha\u00eftiens et lancent un appel aux dons.<\/div>\n<div align=\"justify\">Un an et demi apr\u00e8s la vague de cyclones qui avait affect\u00e9 l&rsquo;\u00eele, Ha\u00efti est de nouveau d\u00e9vast\u00e9e par un tremblement de terre exceptionnel de magnitude 7, entra\u00eenant de lourdes pertes humaines et mat\u00e9rielles.<\/div>\n<div align=\"justify\">Sur place, un volontaire des Scouts et Guides de France au titre de France Volontaires participe activement \u00e0\u00a0 la coordination des actions men\u00e9es par l&rsquo;Association Nationale des Scouts d&rsquo;Ha\u00efti.<\/diV>\n<\/div>\n<\/td>\n<\/tr>\n<\/tbody>\n<\/table>\n<table bgcolor =\"F0FAFF\" border=0>\n<tbody>\n<tr>\n<td>\n<div align=\"justify\">\n<div align=\"justify\">Les scouts ha\u00eftiens vont, comme lors du dernier cyclone en 2008, \u00eatre des relais essentiels entre les ONG urgentistes et les populations sinistr\u00e9es. Ils ont besoin d&rsquo;aide pour pouvoir agir efficacement face \u00e0 l&rsquo;ampleur des d\u00e9g\u00e2ts.<\/div>\n<p><\/p>\n<div align=\"justify\">Ces aides consisteront notamment \u00e0 acheminer et nourrir les \u00e9quipes de b\u00e9n\u00e9voles charg\u00e9s d&rsquo;assurer un soutien majeur aupr\u00e8s des familles et enfants sinistr\u00e9s. Ils s&#8217;emploieront notamment \u00e0 conduire les urgentistes vers les populations les plus isol\u00e9es et les plus d\u00e9munies et participeront \u00e0 des actions de d\u00e9blayage et la mise en place d&rsquo;abris.<br \/>\nNous mobilisons notre r\u00e9seau afin de pouvoir relayer cet appel aux dons et sensibiliser l&rsquo;opinion publique \u00e0 l&rsquo;ampleur de cette catastrophe et des besoins.<\/div>\n<p><\/p>\n<div align=\"justify\">Pour cela, vous trouverez, en pi\u00e8ce jointe, une affiche \u00ab urgence Ha\u00efti \u00bb que vous pouvez d\u00e9poser chez les commer\u00e7ants, dans vos paroisses, vos municipalit\u00e9s\u00e2\u20ac\u00a6(cette affiche peut \u00eatre imprim\u00e9e soit en couleur soit photocopi\u00e9e en noir et blanc) ainsi qu&rsquo;un communiqu\u00e9 de presse \u00e0 adresser, dans la mesure de vos possibilit\u00e9s \u00e0 vos m\u00e9dias locaux (radio, presse \u00e9crite, bulletins paroissiaux..).<\/div>\n<p><\/br><\/p>\n<div align=\"justify\">Enfin, nous allons relancer l&rsquo;op\u00e9ration badge \u00ab solidarit\u00e9 Ha\u00efti \u00bb. Nous reviendrons vers vous tr\u00e8s rapidement pour vous tenir inform\u00e9s des modalit\u00e9s.<\/div>\n<p><\/br><br \/>\nBien cordialement,<br \/>\nV\u00e9ronique linar\u00e8s, Directrice de la communication<br \/>\net Christian Larcher, Directeur du service international\n<\/div>\n<p><\/p>\n<div align=\"center\"><img decoding=\"async\" src=\"\/IMG\/jpg\/haiti1.jpg\"><\/div>\n<\/td>\n<\/tr>\n<\/tbody>\n<\/table>\n","protected":false},"excerpt":{"rendered":"<p>Les Scouts et Guides de France se mobilisent aupr\u00e8s des 30 000 scouts ha\u00eftiens et lancent un appel aux dons. Un an et demi apr\u00e8s la vague de cyclones qui avait affect\u00e9 l&rsquo;\u00eele, Ha\u00efti&#46;&#46;&#46;<\/p>\n","protected":false},"author":2,"featured_media":0,"comment_status":"open","ping_status":"open","sticky":false,"template":"","format":"standard","meta":{"footnotes":""},"categories":[],"tags":[],"class_list":["post-201","post","type-post","status-publish","format-standard","hentry"],"_links":{"self":[{"href":"http:\/\/www.chapelle-crecy.com\/index.php?rest_route=\/wp\/v2\/posts\/201","targetHints":{"allow":["GET"]}}],"collection":[{"href":"http:\/\/www.chapelle-crecy.com\/index.php?rest_route=\/wp\/v2\/posts"}],"about":[{"href":"http:\/\/www.chapelle-crecy.com\/index.php?rest_route=\/wp\/v2\/types\/post"}],"author":[{"embeddable":true,"href":"http:\/\/www.chapelle-crecy.com\/index.php?rest_route=\/wp\/v2\/users\/2"}],"replies":[{"embeddable":true,"href":"http:\/\/www.chapelle-crecy.com\/index.php?rest_route=%2Fwp%2Fv2%2Fcomments&post=201"}],"version-history":[{"count":0,"href":"http:\/\/www.chapelle-crecy.com\/index.php?rest_route=\/wp\/v2\/posts\/201\/revisions"}],"wp:attachment":[{"href":"http:\/\/www.chapelle-crecy.com\/index.php?rest_route=%2Fwp%2Fv2%2Fmedia&parent=201"}],"wp:term":[{"taxonomy":"category","embeddable":true,"href":"http:\/\/www.chapelle-crecy.com\/index.php?rest_route=%2Fwp%2Fv2%2Fcategories&post=201"},{"taxonomy":"post_tag","embeddable":true,"href":"http:\/\/www.chapelle-crecy.com\/index.php?rest_route=%2Fwp%2Fv2%2Ftags&post=201"}],"curies":[{"name":"wp","href":"https:\/\/api.w.org\/{rel}","templated":true}]}}