{"id":202,"date":"2010-01-22T19:51:06","date_gmt":"2010-01-22T19:51:06","guid":{"rendered":""},"modified":"-0001-11-30T00:00:00","modified_gmt":"-0001-11-29T22:00:00","slug":"","status":"publish","type":"post","link":"http:\/\/www.chapelle-crecy.com\/?p=202","title":{"rendered":"Annonces de la semaine du 23 au 31 janvier 2010"},"content":{"rendered":"<table bgcolor =\"F0FAFF\" border=0>\n<tbody>\n<tr>\n<td>\n<div align=\"justify\">\n<div \"120\">Voici les annonces de la semaine du samedi 23 au dimanche 31 d\u00e9cembre pour la paroisse des 3 clochers Cr\u00e9cy-la-Chapelle, Villiers-sur-Morin, Voulangis.<br \/>\nSamedi 23 janvier 18h30 : messe \u00e0\u00a0 Voulangis. Dimanche 24 \u00e0\u00a0 10h30 : Cr\u00e9cy.<br \/>\nSamedi 30 janvier 18h30 : messe \u00e0\u00a0 Voulangis. Dimanche 31 \u00e0\u00a0 10h30: Cr\u00e9cy <br \/>Tout le programme dans la suite &#8230;<\/div>\n<\/div>\n<\/td>\n<\/tr>\n<\/tbody>\n<\/table>\n<table bgcolor =\"F0F6FF\" border=0>\n<tbody>\n<tr>\n<td><font color=\"CC20AA\">Samedi 23 janvier<\/font><\/td>\n<td width=\"40%\"><font color=\"CC20AA\">de 10 h \u00e0 11 h 30 &#8211;   R\u00e9union de l&rsquo;\u00e9quipe  MEJ  \u00ab Jeunes T\u00e9moins \u00bb.<\/font><\/td>\n<td><font color=\"CC20AA\"><br \/>\n18 h 30 &#8211; Messe \u00e0 Voulangis pour  Andr\u00e9 HUYS. Apr\u00e8s la Messe, r\u00e9union de  l\u00e2\u20ac\u02dcAUMONERIE,  avec repas partag\u00e9<\/fonT><\/td>\n<\/tr>\n<tr>\n<td><font color=\"00F000\"><\/p>\n<div align=\"center\"><img decoding=\"async\" src=\"\/IMG\/lieux\/stgeorges03.jpg\" width=150><\/div>\n<p><\/fonT><\/td>\n<td><font color=\"00F000\">Dimanche 24 janvier<\/font><\/td>\n<td><font color=\"00F000\">10 h 30  Messe \u00e0 Cr\u00e9cy pour Philippe CAIN.<br \/>\nNous prierons \u00e9galement pour Adrien HERVIN, inhum\u00e9 cette semaine<\/font><\/td>\n<\/tr>\n<tr>\n<td width=150><font color=\"0020FF\">Lundi 25 janvier<\/font><\/td>\n<td><font color=\"0020FF\">10 h 30  A Voulangis, obs\u00e8ques de Paulette POTTIER.<\/p>\n<p>15 h 30 &#8211;  A Villiers, obs\u00e8ques de Marcelle ARNOULD, n\u00e9e LEPAPE.<\/font><\/td>\n<td><font color=\"0020FF\">17 h   C\u00e9l\u00e9bration \u00e0 la Maison de Retraite.<\/font><\/td>\n<\/tr>\n<td><font color=\"CC20AA\">Mardi 26 janvier<\/font><\/td>\n<td><font color=\"CC20AA\">18 h &#8211;  Messe \u00e0 Cr\u00e9cy pour  Ren\u00e9 et Lucienne CHARPIGNON.<\/font><\/td>\n<td><font color=\"00FF00\"><\/p>\n<div align=\"center\"><img decoding=\"async\" src=\"\/IMG\/gif\/bibles004.gif\"><\/fonT><\/td>\n<p><\/font><\/td>\n<\/tr>\n<tr>\n<td><font color=\"404040\"><\/p>\n<div align=\"center\"><img decoding=\"async\" src=\"\/IMG\/gif\/lumiere_65.gif\"><\/fonT><\/td>\n<\/div>\n<\/td>\n<td><font color=\"404040\">Mercredi 27 janvier<\/font><\/td>\n<td><font color=\"404040\">18 h &#8211;  Messe \u00e0 Cr\u00e9cy Gilles DUWARD.<\/font><\/td>\n<\/tr>\n<tr>\n<td><font color=\"00F000\">Jeudi 28 janvier<\/font><\/td>\n<td><font color=\"00F000\"><br \/>9 h-   Messe \u00e0 Cr\u00e9cy pour  Micheline et Franck ANDSELL.<\/font><\/td>\n<td><font color=\"00FF00\"><\/p>\n<div align=\"center\"><img decoding=\"async\" src=\"\/IMG\/gif\/cross.gif\" ><\/fonT><\/td>\n<\/tr>\n<tr>\n<td><font color=\"CC20AA\">Samedi 30 janvier<\/font><\/div>\n<\/td>\n<td><font color=\"CC20AA\"><br \/>\n18 h 30 &#8211; Messe \u00e0 Voulangis pour Mathias CURIC.<\/fonT><\/td>\n<td><font color=\"CC20AA\"><\/p>\n<div align=\"center\"><img decoding=\"async\" src=\"\/IMG\/lieux\/voulangis_eglise2.jpg\" width=150><\/fonT><\/td>\n<\/tr>\n<tr>\n<td><font color=\"00F000\"><\/p>\n<div align=\"center\"><img decoding=\"async\" src=\"\/IMG\/lieux\/stgeorges01.jpg\" width=150><\/div>\n<p><\/fonT><\/td>\n<td><font color=\"00F000\">Dimanche 31 janvier<\/font><\/td>\n<td><font color=\"00F000\">10 h 30  Messe \u00e0 Cr\u00e9cy pour Casimir CEGLIE et Pierre MARCHAISON.<\/font><\/td>\n<\/tr>\n<\/tbody>\n<\/table>\n","protected":false},"excerpt":{"rendered":"<p>Voici les annonces de la semaine du samedi 23 au dimanche 31 d\u00e9cembre pour la paroisse des 3 clochers Cr\u00e9cy-la-Chapelle, Villiers-sur-Morin, Voulangis. Samedi 23 janvier 18h30 : messe \u00e0\u00a0 Voulangis. Dimanche 24 \u00e0\u00a0 10h30&#46;&#46;&#46;<\/p>\n","protected":false},"author":2,"featured_media":0,"comment_status":"open","ping_status":"open","sticky":false,"template":"","format":"standard","meta":{"footnotes":""},"categories":[],"tags":[],"class_list":["post-202","post","type-post","status-publish","format-standard","hentry"],"_links":{"self":[{"href":"http:\/\/www.chapelle-crecy.com\/index.php?rest_route=\/wp\/v2\/posts\/202","targetHints":{"allow":["GET"]}}],"collection":[{"href":"http:\/\/www.chapelle-crecy.com\/index.php?rest_route=\/wp\/v2\/posts"}],"about":[{"href":"http:\/\/www.chapelle-crecy.com\/index.php?rest_route=\/wp\/v2\/types\/post"}],"author":[{"embeddable":true,"href":"http:\/\/www.chapelle-crecy.com\/index.php?rest_route=\/wp\/v2\/users\/2"}],"replies":[{"embeddable":true,"href":"http:\/\/www.chapelle-crecy.com\/index.php?rest_route=%2Fwp%2Fv2%2Fcomments&post=202"}],"version-history":[{"count":0,"href":"http:\/\/www.chapelle-crecy.com\/index.php?rest_route=\/wp\/v2\/posts\/202\/revisions"}],"wp:attachment":[{"href":"http:\/\/www.chapelle-crecy.com\/index.php?rest_route=%2Fwp%2Fv2%2Fmedia&parent=202"}],"wp:term":[{"taxonomy":"category","embeddable":true,"href":"http:\/\/www.chapelle-crecy.com\/index.php?rest_route=%2Fwp%2Fv2%2Fcategories&post=202"},{"taxonomy":"post_tag","embeddable":true,"href":"http:\/\/www.chapelle-crecy.com\/index.php?rest_route=%2Fwp%2Fv2%2Ftags&post=202"}],"curies":[{"name":"wp","href":"https:\/\/api.w.org\/{rel}","templated":true}]}}