{"id":2021,"date":"2025-06-23T09:16:18","date_gmt":"2025-06-23T07:16:18","guid":{"rendered":"https:\/\/www.chapelle-crecy.com\/?p=2021"},"modified":"2025-06-23T09:16:18","modified_gmt":"2025-06-23T07:16:18","slug":"annonces-du-23-au-29-juin-2025","status":"publish","type":"post","link":"http:\/\/www.chapelle-crecy.com\/?p=2021","title":{"rendered":"Annonces du 23 au 29 juin 2025"},"content":{"rendered":"<table>\n<tbody>\n<tr>\n<td style=\"text-align: left;\"><strong><u>Mardi 24 juin<\/u> :<\/strong><\/td>\n<td style=\"text-align: left;\"><strong><u>9h :<\/u> Messe au presbyt\u00e8re de Cr\u00e9cy.<br \/>\n<u>18h :<\/u> R\u00e9p\u00e9tition chorale.<\/strong><\/td>\n<\/tr>\n<tr>\n<td style=\"text-align: left;\"><strong><u>Vendredi 27 juin\u00a0:<\/u><\/strong><\/td>\n<td style=\"text-align: left;\"><strong>15h :<\/u> Messe \u00e0 la maison de retraite de Cr\u00e9cy.<br \/><strong><u>18h :<\/u> Adoration du St sacrement suivie de la messe au Presbyt\u00e8re de Cr\u00e9cy.<\/strong><\/td>\n<\/tr>\n<tr>\n<td style=\"text-align: left;\"><strong><u>Samedi 28 juin<\/u> :<\/strong><\/td>\n<td style=\"text-align: left;\"><strong><u>10h30 :<\/u> Bapt\u00eames de Logan et L\u00e9andro PEREIRA DE SOUSA \u00e0 VOULANGIS.<br \/>\n<u>14h :<\/u> Mariage de J\u00e9r\u00e9my NESSON et de Mathilde SCHORTER \u00e0 La Coll\u00e9giale de Cr\u00e9cy-La-Chapelle.<\/strong><\/td>\n<\/tr>\n<tr>\n<td style=\"text-align: left;\"><strong><u>Dimanche 29 juin<\/u> :<br \/>F\u00eate patronnale de St Pierre.<\/strong><\/td>\n<td style=\"text-align: left;\"><strong><u>10h30 :<\/u> Messe \u00e0 St Pierre \u00e0 Voulangis suivie du Barbecue paroissial dans la cours de l&rsquo;\u00e9cole de Voulangis.<br \/>\nPas de Messe en paroisse le samedi soir en Juillet et en Ao\u00fbt.<br \/>\n<\/strong><\/td>\n<\/tr>\n<\/tbody>\n<\/table>\n","protected":false},"excerpt":{"rendered":"<p>Mardi 24 juin : 9h : Messe au presbyt\u00e8re de Cr\u00e9cy. 18h : R\u00e9p\u00e9tition chorale. Vendredi 27 juin\u00a0: 15h : Messe \u00e0 la maison de retraite de Cr\u00e9cy.18h : Adoration du St sacrement suivie&#46;&#46;&#46;<\/p>\n","protected":false},"author":1,"featured_media":0,"comment_status":"open","ping_status":"open","sticky":false,"template":"","format":"standard","meta":{"footnotes":""},"categories":[2],"tags":[],"class_list":["post-2021","post","type-post","status-publish","format-standard","hentry","category-annonces"],"_links":{"self":[{"href":"http:\/\/www.chapelle-crecy.com\/index.php?rest_route=\/wp\/v2\/posts\/2021","targetHints":{"allow":["GET"]}}],"collection":[{"href":"http:\/\/www.chapelle-crecy.com\/index.php?rest_route=\/wp\/v2\/posts"}],"about":[{"href":"http:\/\/www.chapelle-crecy.com\/index.php?rest_route=\/wp\/v2\/types\/post"}],"author":[{"embeddable":true,"href":"http:\/\/www.chapelle-crecy.com\/index.php?rest_route=\/wp\/v2\/users\/1"}],"replies":[{"embeddable":true,"href":"http:\/\/www.chapelle-crecy.com\/index.php?rest_route=%2Fwp%2Fv2%2Fcomments&post=2021"}],"version-history":[{"count":1,"href":"http:\/\/www.chapelle-crecy.com\/index.php?rest_route=\/wp\/v2\/posts\/2021\/revisions"}],"predecessor-version":[{"id":2022,"href":"http:\/\/www.chapelle-crecy.com\/index.php?rest_route=\/wp\/v2\/posts\/2021\/revisions\/2022"}],"wp:attachment":[{"href":"http:\/\/www.chapelle-crecy.com\/index.php?rest_route=%2Fwp%2Fv2%2Fmedia&parent=2021"}],"wp:term":[{"taxonomy":"category","embeddable":true,"href":"http:\/\/www.chapelle-crecy.com\/index.php?rest_route=%2Fwp%2Fv2%2Fcategories&post=2021"},{"taxonomy":"post_tag","embeddable":true,"href":"http:\/\/www.chapelle-crecy.com\/index.php?rest_route=%2Fwp%2Fv2%2Ftags&post=2021"}],"curies":[{"name":"wp","href":"https:\/\/api.w.org\/{rel}","templated":true}]}}