{"id":204,"date":"2010-01-30T20:49:15","date_gmt":"2010-01-30T20:49:15","guid":{"rendered":""},"modified":"-0001-11-30T00:00:00","modified_gmt":"-0001-11-29T22:00:00","slug":"","status":"publish","type":"post","link":"http:\/\/www.chapelle-crecy.com\/?p=204","title":{"rendered":"Annonces de la semaine du 31 janvier au 7 f\u00e9vrier 2010"},"content":{"rendered":"<table bgcolor =\"F0FAFF\" border=0>\n<tbody>\n<tr>\n<td>\n<div align=\"justify\">\n<div \"122\">Voici les annonces de la semaine du dimanche 31 janvier au dimanche 7 f\u00e9vrier pour la paroisse des 3 clochers Cr\u00e9cy-la-Chapelle, Villiers-sur-Morin, Voulangis.<br \/>\nSamedi 30 janvier 18h30 : messe \u00e0\u00a0 Voulangis. Dimanche 31 \u00e0\u00a0 10h30: Cr\u00e9cy <br \/>\nSamedi 6 f\u00e9vrier 18h30 : messe \u00e0\u00a0 Villiers. Dimanche 7 \u00e0\u00a0 10h30 : Cr\u00e9cy.<br \/>\nTout le programme dans la suite &#8230;<\/div>\n<\/div>\n<\/td>\n<\/tr>\n<\/tbody>\n<\/table>\n<table bgcolor =\"F0F6FF\" border=0>\n<tbody>\n<tr>\n<td>\n<table bgcolor =\"F0F6FF\" border=0>\n<tbody>\n<tr>\n<td><font color=\"00F000\"><\/p>\n<div align=\"center\"><img decoding=\"async\" src=\"\/IMG\/lieux\/stgeorges01.jpg\" width=150><\/div>\n<p><\/fonT><\/td>\n<td><font color=\"00F000\">Dimanche 31 janvier<\/font><\/td>\n<td><font color=\"00F000\">10 h 30  Messe \u00e0 Cr\u00e9cy pour Casimir CEGLIE et Pierre MARCHAISON. Nous prierons  \u00e9galement pour Marcelle ARNOULD, Paulette POTTIER et Marie-Rose HERVIN inhum\u00e9es cette semaine.<\/font><\/td>\n<\/tr>\n<tr>\n<td width=150><font color=\"0020FF\">Lundi 1er f\u00e9vrier<\/font><\/td>\n<td><font color=\"0020FF\">14 h 30 &#8211; R\u00e9union de l&rsquo;\u00e9quipe du Rosaire chez Madame LOUIS.<\/font><\/td>\n<td><font color=\"0020FF\">17 h  C\u00e9l\u00e9bration \u00e0 la Maison de Retraite pour Sylvie PASCAL.<\/font><\/td>\n<\/tr>\n<td><font color=\"CC20AA\">Mardi 2 f\u00e9vrier<\/font><\/td>\n<td><font color=\"CC20AA\">18 h  Messe \u00e0 Cr\u00e9cy pour Evelyne PILOT.<\/font><\/td>\n<td><font color=\"00FF00\"><\/p>\n<div align=\"center\"><img decoding=\"async\" src=\"\/IMG\/gif\/bibles004.gif\"><\/fonT><\/td>\n<p><\/font><\/td>\n<\/tr>\n<tr>\n<td><font color=\"404040\"><\/p>\n<div align=\"center\"><img decoding=\"async\" src=\"\/IMG\/gif\/lumiere_65.gif\"><\/fonT><\/td>\n<\/div>\n<\/td>\n<td><font color=\"404040\">Mercredi 3 f\u00e9vrier<\/font><\/td>\n<td><font color=\"404040\">18 h &#8211; Messe \u00e0 Cr\u00e9cy pour Andr\u00e9e  REYDEL et les d\u00e9funts de la famille.<\/font><\/td>\n<\/tr>\n<tr>\n<td><font color=\"00F000\">Jeudi 4 f\u00e9vrier<\/font><\/td>\n<td><font color=\"00F000\"><br \/>18  h 30 &#8211;   Messe \u00e0 Cr\u00e9cy pour  Henriette TUFFIN.<\/font><\/td>\n<td><font color=\"00F000\"><\/p>\n<div align=\"center\"><img decoding=\"async\" src=\"\/IMG\/gif\/cross.gif\" ><\/fonT><\/td>\n<\/tr>\n<tr>\n<td><font color=\"0020FF\">Vendredi 5 f\u00e9vrier<\/font><\/td>\n<td><font color=\"0020FF\">17 h   A Cr\u00e9cy, adoration du St Sacrement \u00e0 la chapelle de la Vierge .<br \/>\n<\/font><\/td>\n<td><font color=\"0020FF\">18 h 30 &#8211;  Messe  pour  Gilbert CAPITAINE.<br \/>\n19 h &#8211;  R\u00e9union du Centre de Pr\u00e9paration au Mariage.<\/fonT><\/td>\n<\/tr>\n<tr>\n<td><font color=\"CC20AA\">Samedi 6 f\u00e9vrier<\/font><\/div>\n<\/td>\n<td><font color=\"CC20AA\"><br \/>\nde 10 h \u00e0 11 h 30 &#8211;   R\u00e9union de l&rsquo;\u00e9quipe  MEJ  \u00ab Jeunes T\u00e9moins \u00bb<br \/>\nMartyrs du Japon.<\/fonT><\/td>\n<td><font color=\"CC20AA\">18 h 30  &#8211; Messe \u00e0 Villiers pour Odette BRENARD.<br \/>20 h \u00e0 22 h &#8211;  R\u00e9union de l&rsquo;\u00e9quipe  MEJ  \u00ab T\u00e9moins d&rsquo;Aujourd&rsquo;hui.<\/fonT><\/td>\n<\/tr>\n<tr>\n<td><font color=\"00F000\">Dimanche 7 f\u00e9vrier<\/font><\/td>\n<td><font color=\"00F000\">9 h 30 &#8211;  Pour tous ceux qui veulent apprendre des chants nouveaux avec nous : r\u00e9p\u00e9tition de chants \u00e0 l&rsquo;\u00e9glise, avant  la Messe.<\/fonT><\/td>\n<td><font color=\"00F000\">10 h 30  Messe \u00e0 Cr\u00e9cy pour la famille DEBIEF et Henriette LEFEVRE. Nous prierons \u00e9galement pour tous les malades.<br \/>\n<\/font><\/td>\n<\/tr>\n<\/tbody>\n<\/table>\n<p><font color=\"FF4040\">A LA FIN DE LA MESSE SAMEDI  A VILLIERS, ET DIMANCHE A CRECY, VENTE DE CREPES PAR LES JEUNES DE L&rsquo;AUMONERIE.<\/font><\/td>\n<\/tr>\n<\/tbody>\n<\/table>\n","protected":false},"excerpt":{"rendered":"<p>Voici les annonces de la semaine du dimanche 31 janvier au dimanche 7 f\u00e9vrier pour la paroisse des 3 clochers Cr\u00e9cy-la-Chapelle, Villiers-sur-Morin, Voulangis. Samedi 30 janvier 18h30 : messe \u00e0\u00a0 Voulangis. Dimanche 31 \u00e0\u00a0&#46;&#46;&#46;<\/p>\n","protected":false},"author":2,"featured_media":0,"comment_status":"open","ping_status":"open","sticky":false,"template":"","format":"standard","meta":{"footnotes":""},"categories":[],"tags":[],"class_list":["post-204","post","type-post","status-publish","format-standard","hentry"],"_links":{"self":[{"href":"http:\/\/www.chapelle-crecy.com\/index.php?rest_route=\/wp\/v2\/posts\/204","targetHints":{"allow":["GET"]}}],"collection":[{"href":"http:\/\/www.chapelle-crecy.com\/index.php?rest_route=\/wp\/v2\/posts"}],"about":[{"href":"http:\/\/www.chapelle-crecy.com\/index.php?rest_route=\/wp\/v2\/types\/post"}],"author":[{"embeddable":true,"href":"http:\/\/www.chapelle-crecy.com\/index.php?rest_route=\/wp\/v2\/users\/2"}],"replies":[{"embeddable":true,"href":"http:\/\/www.chapelle-crecy.com\/index.php?rest_route=%2Fwp%2Fv2%2Fcomments&post=204"}],"version-history":[{"count":0,"href":"http:\/\/www.chapelle-crecy.com\/index.php?rest_route=\/wp\/v2\/posts\/204\/revisions"}],"wp:attachment":[{"href":"http:\/\/www.chapelle-crecy.com\/index.php?rest_route=%2Fwp%2Fv2%2Fmedia&parent=204"}],"wp:term":[{"taxonomy":"category","embeddable":true,"href":"http:\/\/www.chapelle-crecy.com\/index.php?rest_route=%2Fwp%2Fv2%2Fcategories&post=204"},{"taxonomy":"post_tag","embeddable":true,"href":"http:\/\/www.chapelle-crecy.com\/index.php?rest_route=%2Fwp%2Fv2%2Ftags&post=204"}],"curies":[{"name":"wp","href":"https:\/\/api.w.org\/{rel}","templated":true}]}}