{"id":2045,"date":"2025-08-02T20:32:13","date_gmt":"2025-08-02T18:32:13","guid":{"rendered":"https:\/\/www.chapelle-crecy.com\/?p=2045"},"modified":"2025-08-02T20:33:16","modified_gmt":"2025-08-02T18:33:16","slug":"annonces-du-3-au-31-aout-2025","status":"publish","type":"post","link":"http:\/\/www.chapelle-crecy.com\/?p=2045","title":{"rendered":"Annonces du 3 au 31 aout 2025"},"content":{"rendered":"<table>\n<tbody>\n<tr>\n<td style=\"text-align: left;\" width=\"30%\"><strong><u>Dimanche 3 aout :<\/u> <\/strong><\/td>\n<td style=\"text-align: left;\"><strong><u>10h30 :<\/u> Messe \u00e0 La Coll\u00e9giale Notre Dame de l\u2019Assomption.<br \/>\nMesse pour Anne-Marie RAVET inhum\u00e9e cette semaine et Roger SAVIOZ<\/strong><\/td>\n<\/tr>\n<tr>\n<td style=\"text-align: left;\"><strong><u>Dimanche 10 aout :<\/u> <\/strong><\/td>\n<td style=\"text-align: left;\"><strong><u>10h30 :<\/u> Messe \u00e0 La Coll\u00e9giale Notre Dame de l\u2019Assomption.<br \/>Messe pour Jean LEROUX.<\/strong><\/td>\n<\/tr>\n<tr>\n<td style=\"text-align: left;\"><strong><u>Vendredi 15 aout:<\/u><\/strong><\/td>\n<td style=\"text-align: left;\"><strong><u>10h30 :<\/u> Messe de l&rsquo;Assomption de la Vierge Marie \u00e0 La Coll\u00e9giale. Messe pour Jean-Fran\u00e7ois DESGARDES.<\/strong><\/td>\n<\/tr>\n<tr>\n<td style=\"text-align: left;\"><strong><u>Dimanche 17 aout :<\/u> <\/strong><\/td>\n<td style=\"text-align: left;\"><strong><u>10h30 :<\/u> Messe \u00e0 La Coll\u00e9giale Notre Dame de l\u2019Assomption.<\/strong><\/td>\n<\/tr>\n<tr>\n<td style=\"text-align: left;\"><strong><u>Samedi 23 aout:<\/u><\/strong><\/td>\n<td style=\"text-align: left;\"><strong><u>16h :<\/u> Mariage de Ludovico BUONGARZONE et d&rsquo;Emmanuelle REVILLION \u00e0 La Coll\u00e9giale.<\/strong><\/td>\n<\/tr>\n<tr>\n<td style=\"text-align: left;\"><strong><u>Dimanche 24 aout :<\/u> <\/strong><\/td>\n<td style=\"text-align: left;\"><strong><u>10h30 :<\/u> Messe \u00e0 La Coll\u00e9giale Notre Dame de l\u2019Assomption.<\/strong><\/td>\n<\/tr>\n<tr>\n<td style=\"text-align: left;\"><strong><u>Samedi 30 aout:<\/u><\/strong><\/td>\n<td style=\"text-align: left;\"><strong><u>16h :<\/u> Mariage de Jean-S\u00e9bastien MELOT et d&rsquo;Audrey DELUBAC \u00e0 l&rsquo;\u00e9glise St Pierre de Voulangis.<\/strong><\/td>\n<\/tr>\n<tr>\n<td style=\"text-align: left;\"><strong><u>Dimanche 31 aout :<\/u> <\/strong><\/td>\n<td style=\"text-align: left;\"><strong><u>10h30 :<\/u> Messe du p\u00f4le missionnaire de Meaux \u00e0 St Fiacre.<\/strong><\/td>\n<\/tr>\n<\/tbody>\n<\/table>\n<p>Pas de Messe en paroisse le samedi soir en Juillet et en Ao\u00fbt.<\/p>\n","protected":false},"excerpt":{"rendered":"<p>Dimanche 3 aout : 10h30 : Messe \u00e0 La Coll\u00e9giale Notre Dame de l\u2019Assomption. Messe pour Anne-Marie RAVET inhum\u00e9e cette semaine et Roger SAVIOZ Dimanche 10 aout : 10h30 : Messe \u00e0 La Coll\u00e9giale&#46;&#46;&#46;<\/p>\n","protected":false},"author":1,"featured_media":0,"comment_status":"open","ping_status":"open","sticky":false,"template":"","format":"standard","meta":{"footnotes":""},"categories":[2],"tags":[],"class_list":["post-2045","post","type-post","status-publish","format-standard","hentry","category-annonces"],"_links":{"self":[{"href":"http:\/\/www.chapelle-crecy.com\/index.php?rest_route=\/wp\/v2\/posts\/2045","targetHints":{"allow":["GET"]}}],"collection":[{"href":"http:\/\/www.chapelle-crecy.com\/index.php?rest_route=\/wp\/v2\/posts"}],"about":[{"href":"http:\/\/www.chapelle-crecy.com\/index.php?rest_route=\/wp\/v2\/types\/post"}],"author":[{"embeddable":true,"href":"http:\/\/www.chapelle-crecy.com\/index.php?rest_route=\/wp\/v2\/users\/1"}],"replies":[{"embeddable":true,"href":"http:\/\/www.chapelle-crecy.com\/index.php?rest_route=%2Fwp%2Fv2%2Fcomments&post=2045"}],"version-history":[{"count":2,"href":"http:\/\/www.chapelle-crecy.com\/index.php?rest_route=\/wp\/v2\/posts\/2045\/revisions"}],"predecessor-version":[{"id":2047,"href":"http:\/\/www.chapelle-crecy.com\/index.php?rest_route=\/wp\/v2\/posts\/2045\/revisions\/2047"}],"wp:attachment":[{"href":"http:\/\/www.chapelle-crecy.com\/index.php?rest_route=%2Fwp%2Fv2%2Fmedia&parent=2045"}],"wp:term":[{"taxonomy":"category","embeddable":true,"href":"http:\/\/www.chapelle-crecy.com\/index.php?rest_route=%2Fwp%2Fv2%2Fcategories&post=2045"},{"taxonomy":"post_tag","embeddable":true,"href":"http:\/\/www.chapelle-crecy.com\/index.php?rest_route=%2Fwp%2Fv2%2Ftags&post=2045"}],"curies":[{"name":"wp","href":"https:\/\/api.w.org\/{rel}","templated":true}]}}