{"id":205,"date":"2010-02-04T10:12:11","date_gmt":"2010-02-04T10:12:11","guid":{"rendered":""},"modified":"-0001-11-30T00:00:00","modified_gmt":"-0001-11-29T22:00:00","slug":"","status":"publish","type":"post","link":"http:\/\/www.chapelle-crecy.com\/?p=205","title":{"rendered":"Spectacle JONAS le 19 f\u00e9vrier"},"content":{"rendered":"<table bgcolor =\"F0FAFF\" border=0>\n<tbody>\n<tr>\n<td>\n<div align=\"justify\">\n<div \"123\">\n<div align=\"justify\">Le campus Sainte Th\u00e9r\u00e8se  fait venir la com\u00e9die musicale JONAS d&rsquo;Etienne et Jocelyne Tarneaud \u00e0\u00a0 l&rsquo;Espace Horizon \u00e0\u00a0 Ozoir. Jonas sera jou\u00e9 lors de 5 repr\u00e9sentations, dont 4 sur temps scolaire (de la grande section au lyc\u00e9e) et une repr\u00e9sentation tout public le vendredi 19 f\u00e9vrier \u00e0\u00a0 20h30.<\/div>\n<\/div>\n<\/td>\n<\/tr>\n<\/tbody>\n<\/table>\n<table bgcolor =\"F0FAFF\" border=0>\n<tbody>\n<tr>\n<td>\n<div align=\"justify\">\n<div align=\"justify\">\nUn spectacle magnifique, servi par des chanteurs professionnels de haut niveau (Etienne Tarneaud a une voix \u00e0 transporter les montagnes !!) et une grande fid\u00e9lit\u00e9 \u00e0 la Bible. <br \/>\nCulturellement et musicalement :  un r\u00e9gal !!<\/p>\n<p>R\u00e9servez donc votre soir\u00e9e !! Les r\u00e9servations sont ouvertes au 06.26.37.03.06<\/p>\n<p>PS : N&rsquo;h\u00e9sitez pas \u00e0 consulter le site (cf ci-dessous) : vous  y trouverez des extraits musicaux qui ach\u00e8veront de vous convaincre ainsi que le dossier de presse.<br \/>\n <br \/><a href=\"http:\/\/www.rejoyce.fr\/jonas-show\/dossier_presse_jonas.pdf\" target=\"_blank\"><b>http:\/\/www.rejoyce.fr\/jonas-show\/dossier_presse_jonas.pdf<\/a>\n<\/div>\n<div align=\"center\"><img decoding=\"async\" src=\"\/IMG\/jpg\/jonas1.jpg\" width=500><\/div>\n<\/td>\n<\/tr>\n<\/tbody>\n<\/table>\n","protected":false},"excerpt":{"rendered":"<p>Le campus Sainte Th\u00e9r\u00e8se fait venir la com\u00e9die musicale JONAS d&rsquo;Etienne et Jocelyne Tarneaud \u00e0\u00a0 l&rsquo;Espace Horizon \u00e0\u00a0 Ozoir. Jonas sera jou\u00e9 lors de 5 repr\u00e9sentations, dont 4 sur temps scolaire (de la grande&#46;&#46;&#46;<\/p>\n","protected":false},"author":2,"featured_media":0,"comment_status":"open","ping_status":"open","sticky":false,"template":"","format":"standard","meta":{"footnotes":""},"categories":[],"tags":[],"class_list":["post-205","post","type-post","status-publish","format-standard","hentry"],"_links":{"self":[{"href":"http:\/\/www.chapelle-crecy.com\/index.php?rest_route=\/wp\/v2\/posts\/205","targetHints":{"allow":["GET"]}}],"collection":[{"href":"http:\/\/www.chapelle-crecy.com\/index.php?rest_route=\/wp\/v2\/posts"}],"about":[{"href":"http:\/\/www.chapelle-crecy.com\/index.php?rest_route=\/wp\/v2\/types\/post"}],"author":[{"embeddable":true,"href":"http:\/\/www.chapelle-crecy.com\/index.php?rest_route=\/wp\/v2\/users\/2"}],"replies":[{"embeddable":true,"href":"http:\/\/www.chapelle-crecy.com\/index.php?rest_route=%2Fwp%2Fv2%2Fcomments&post=205"}],"version-history":[{"count":0,"href":"http:\/\/www.chapelle-crecy.com\/index.php?rest_route=\/wp\/v2\/posts\/205\/revisions"}],"wp:attachment":[{"href":"http:\/\/www.chapelle-crecy.com\/index.php?rest_route=%2Fwp%2Fv2%2Fmedia&parent=205"}],"wp:term":[{"taxonomy":"category","embeddable":true,"href":"http:\/\/www.chapelle-crecy.com\/index.php?rest_route=%2Fwp%2Fv2%2Fcategories&post=205"},{"taxonomy":"post_tag","embeddable":true,"href":"http:\/\/www.chapelle-crecy.com\/index.php?rest_route=%2Fwp%2Fv2%2Ftags&post=205"}],"curies":[{"name":"wp","href":"https:\/\/api.w.org\/{rel}","templated":true}]}}