{"id":208,"date":"2010-02-14T16:00:00","date_gmt":"2010-02-14T16:00:00","guid":{"rendered":""},"modified":"-0001-11-30T00:00:00","modified_gmt":"-0001-11-29T22:00:00","slug":"","status":"publish","type":"post","link":"http:\/\/www.chapelle-crecy.com\/?p=208","title":{"rendered":"Annonces de la semaine du 15 au 21 f\u00e9vrier 2010"},"content":{"rendered":"<table bgcolor =\"F0FAFF\" border=0>\n<tbody>\n<tr>\n<td>\n<div align=\"justify\">\n<div \"126\">Voici les annonces de la semaine du lundi 15 au dimanche 21 f\u00e9vrier pour la paroisse des 3 clochers Cr\u00e9cy-la-Chapelle, Villiers-sur-Morin, Voulangis.<br \/> <a><br \/> \n<\/div>\n<\/td>\n<\/tr>\n<\/tbody>\n<\/table>\n<table bgcolor =\"F0F6FF\" border=0>\n<tbody>\n<tr>\n<td width=150><font color=\"00FF00\">Lundi 15 f\u00e9vrier<\/font><\/td>\n<td><font color=\"00FF00\">17 h &#8211; Messe \u00e0 la Maison de Retraite  pour les Ames du Purgatoire.<\/font><\/td>\n<td><font color=\"00FF00\"><\/p>\n<div align=\"center\"><img decoding=\"async\" src=\"\/IMG\/gif\/bibles004.gif\"><\/fonT><\/td>\n<p><\/font><\/td>\n<\/tr>\n<tr>\n<td><font color=\"0020FF\"><\/p>\n<div align=\"center\"><img decoding=\"async\" src=\"\/IMG\/gif\/coupes004.gif\"><\/fonT><\/td>\n<td><font color=\"0020FF\">Mardi 16 f\u00e9vrier<\/font><\/td>\n<td><font color=\"0020FF\">20 h  C\u00e9l\u00e9bration des  Cendres  pour les parents et les enfants des 4 ann\u00e9es de Cat\u00e9ch\u00e8se.<\/font><\/td>\n<\/tr>\n<tr>\n<td><font color=\"CC20AA\">Mercredi 6 janvier<\/font><\/td>\n<td><font color=\"CC20AA\">20 h 30  Messe des Cendres \u00e0 Cr\u00e9cy.<\/font><\/td>\n<td><font color=\"CC20AAA\"><\/p>\n<div align=\"center\"><img decoding=\"async\" src=\"\/IMG\/lieux\/stgeorges03.jpg\" width=150><\/div>\n<p><\/fonT><\/td>\n<\/tr>\n<tr>\n<td><font color=\"00FF00\"><\/p>\n<div align=\"center\"><img decoding=\"async\" src=\"\/IMG\/gif\/cross.gif\" ><\/fonT><\/td>\n<td><font color=\"00FF00\">Jeudi 18 f\u00e9vrier<\/font><\/td>\n<td><font color=\"00FF00\">18  h 30 &#8211;   Messe \u00e0 Cr\u00e9cy pour Philippe CLE.<\/font><\/td>\n<\/tr>\n<tr>\n<td><font color=\"0020FF\">Vendredi 19 f\u00e9vrier<\/font><\/td>\n<td><font color=\"00FF00\">18 h &#8211; Messe  pour  Louis GRANDHOMME.<\/font><\/td>\n<td><font color=\"00FF00\">19 h 30  R\u00e9union du Centre de  Pr\u00e9paration au Mariage  et de l&rsquo;Equipe Missionnaire de P\u00f4le \u00e0 Meaux.<\/font><\/td>\n<\/tr>\n<tr>\n<td><font color=\"CC20AA\">Samedi 20 f\u00e9vrier<\/font><\/td>\n<td><font color=\"FF0000\">Permanence d&rsquo;ouverture de l&rsquo;\u00e9glise , \u00e0 Cr\u00e9cy, de 14 h30  \u00e0 17 h 30.<\/font><\/td>\n<td><font color=\"CC20AA\">18 h 30  Messe \u00e0 Villiers  pour Marie-Claire JOLY-MONTIGNEAU.<\/font><\/td>\n<\/tr>\n<tr>\n<td><font color=\"00FF00\">Dimanche 21 f\u00e9vrier<\/font><\/td>\n<td><font color=\"00FF00\">10 h 30 &#8211; Messe \u00e0 Cr\u00e9cy pour Philippe ESPARCIEUX et pour la famille BACOUP.<br \/>\n11 h 45 &#8211; Bapt\u00eame de Tommy HAELLING.<\/font><\/td>\n<td><font color=\"00FF00\">16 h &#8211; Appel d\u00e9cisif \u00e0 la cath\u00e9drale de Meaux.<\/font><\/td>\n<\/tr>\n<\/tbody>\n<\/table>\n","protected":false},"excerpt":{"rendered":"<p>Voici les annonces de la semaine du lundi 15 au dimanche 21 f\u00e9vrier pour la paroisse des 3 clochers Cr\u00e9cy-la-Chapelle, Villiers-sur-Morin, Voulangis. Lundi 15 f\u00e9vrier 17 h &#8211; Messe \u00e0 la Maison de Retraite&#46;&#46;&#46;<\/p>\n","protected":false},"author":2,"featured_media":0,"comment_status":"open","ping_status":"open","sticky":false,"template":"","format":"standard","meta":{"footnotes":""},"categories":[],"tags":[],"class_list":["post-208","post","type-post","status-publish","format-standard","hentry"],"_links":{"self":[{"href":"http:\/\/www.chapelle-crecy.com\/index.php?rest_route=\/wp\/v2\/posts\/208","targetHints":{"allow":["GET"]}}],"collection":[{"href":"http:\/\/www.chapelle-crecy.com\/index.php?rest_route=\/wp\/v2\/posts"}],"about":[{"href":"http:\/\/www.chapelle-crecy.com\/index.php?rest_route=\/wp\/v2\/types\/post"}],"author":[{"embeddable":true,"href":"http:\/\/www.chapelle-crecy.com\/index.php?rest_route=\/wp\/v2\/users\/2"}],"replies":[{"embeddable":true,"href":"http:\/\/www.chapelle-crecy.com\/index.php?rest_route=%2Fwp%2Fv2%2Fcomments&post=208"}],"version-history":[{"count":0,"href":"http:\/\/www.chapelle-crecy.com\/index.php?rest_route=\/wp\/v2\/posts\/208\/revisions"}],"wp:attachment":[{"href":"http:\/\/www.chapelle-crecy.com\/index.php?rest_route=%2Fwp%2Fv2%2Fmedia&parent=208"}],"wp:term":[{"taxonomy":"category","embeddable":true,"href":"http:\/\/www.chapelle-crecy.com\/index.php?rest_route=%2Fwp%2Fv2%2Fcategories&post=208"},{"taxonomy":"post_tag","embeddable":true,"href":"http:\/\/www.chapelle-crecy.com\/index.php?rest_route=%2Fwp%2Fv2%2Ftags&post=208"}],"curies":[{"name":"wp","href":"https:\/\/api.w.org\/{rel}","templated":true}]}}