{"id":209,"date":"2010-03-20T07:15:00","date_gmt":"2010-03-20T07:15:00","guid":{"rendered":""},"modified":"-0001-11-30T00:00:00","modified_gmt":"-0001-11-29T22:00:00","slug":"","status":"publish","type":"post","link":"http:\/\/www.chapelle-crecy.com\/?p=209","title":{"rendered":"Conf\u00e9rences de car\u00eame 2010"},"content":{"rendered":"<table bgcolor =\"F0FAFF\" border=0>\n<tbody>\n<tr>\n<td>\n<div align=\"justify\">\n<div \"127\">Nous rentrons dans la p\u00e9riode de Car\u00eame. Pour cela cinq conf\u00e9rences \u00ab pour mieux conna\u00eetre l&rsquo;amour du P\u00e8re \u00bb vont \u00eatre pr\u00each\u00e9es par le P\u00e8re Alain Ratti dans le cadre de l&rsquo;ann\u00e9e sacerdotale.<br \/>\n<u>1er mars<\/u> : 20h30 \u00e0\u00a0 l&rsquo;\u00e9glise de Quincy-Voisins \u00ab J\u00e9sus prie pour les pr\u00eatres \u00bb<br \/>\n<u>8 mars<\/u> : 20h30 \u00e0\u00a0 l&rsquo;\u00e9glise de Pierre-Lev\u00e9e \u00ab sacerdoce des pr\u00eatres et des baptis\u00e9s \u00bb<br \/>\n<u>15 mars<\/u> : 20h30 \u00e0\u00a0 l&rsquo;\u00e9glise de Trilport \u00ab comment Dieu m&rsquo;appelle ? \u00bb<br \/>\n<br \/>\n<u>23 mars<\/u> : 20h30 \u00e0\u00a0 l&rsquo;\u00e9glise de Villenoy \u00ab le c\u00e9libat des pr\u00eatres \u00bb<br \/>\n<br \/>\n<u>28 mars<\/u> : 16h \u00e0\u00a0 la cath\u00e9drale de Meaux \u00ab le pr\u00eatre serviteur de l&rsquo;unit\u00e9 et de l&rsquo;eucharistie \u00bb<\/div>\n<\/div>\n<\/td>\n<\/tr>\n<\/tbody>\n<\/table>\n","protected":false},"excerpt":{"rendered":"<p>Nous rentrons dans la p\u00e9riode de Car\u00eame. Pour cela cinq conf\u00e9rences \u00ab pour mieux conna\u00eetre l&rsquo;amour du P\u00e8re \u00bb vont \u00eatre pr\u00each\u00e9es par le P\u00e8re Alain Ratti dans le cadre de l&rsquo;ann\u00e9e sacerdotale. 1er&#46;&#46;&#46;<\/p>\n","protected":false},"author":2,"featured_media":0,"comment_status":"open","ping_status":"open","sticky":false,"template":"","format":"standard","meta":{"footnotes":""},"categories":[],"tags":[],"class_list":["post-209","post","type-post","status-publish","format-standard","hentry"],"_links":{"self":[{"href":"http:\/\/www.chapelle-crecy.com\/index.php?rest_route=\/wp\/v2\/posts\/209","targetHints":{"allow":["GET"]}}],"collection":[{"href":"http:\/\/www.chapelle-crecy.com\/index.php?rest_route=\/wp\/v2\/posts"}],"about":[{"href":"http:\/\/www.chapelle-crecy.com\/index.php?rest_route=\/wp\/v2\/types\/post"}],"author":[{"embeddable":true,"href":"http:\/\/www.chapelle-crecy.com\/index.php?rest_route=\/wp\/v2\/users\/2"}],"replies":[{"embeddable":true,"href":"http:\/\/www.chapelle-crecy.com\/index.php?rest_route=%2Fwp%2Fv2%2Fcomments&post=209"}],"version-history":[{"count":0,"href":"http:\/\/www.chapelle-crecy.com\/index.php?rest_route=\/wp\/v2\/posts\/209\/revisions"}],"wp:attachment":[{"href":"http:\/\/www.chapelle-crecy.com\/index.php?rest_route=%2Fwp%2Fv2%2Fmedia&parent=209"}],"wp:term":[{"taxonomy":"category","embeddable":true,"href":"http:\/\/www.chapelle-crecy.com\/index.php?rest_route=%2Fwp%2Fv2%2Fcategories&post=209"},{"taxonomy":"post_tag","embeddable":true,"href":"http:\/\/www.chapelle-crecy.com\/index.php?rest_route=%2Fwp%2Fv2%2Ftags&post=209"}],"curies":[{"name":"wp","href":"https:\/\/api.w.org\/{rel}","templated":true}]}}