{"id":2093,"date":"2025-11-15T13:06:16","date_gmt":"2025-11-15T12:06:16","guid":{"rendered":"https:\/\/www.chapelle-crecy.com\/?p=2093"},"modified":"2025-11-22T14:20:29","modified_gmt":"2025-11-22T13:20:29","slug":"annonces-du-15-au-23-novembre-2025","status":"publish","type":"post","link":"http:\/\/www.chapelle-crecy.com\/?p=2093","title":{"rendered":"Annonces du 15 au 23 novembre 2025"},"content":{"rendered":"<table>\n<tbody>\n<tr>\n<td style=\"text-align: left;\"><strong><u>Samedi 15 novembre<\/u> :<\/strong><\/td>\n<td style=\"text-align: left;\"><strong><u>18h30 :<\/u> Messe \u00e0 Villiers.<br \/>Qu\u00eate pour le secours catholique.<\/strong><\/td>\n<\/tr>\n<tr>\n<td style=\"text-align: left;\"><strong><u>Dimanche 16 novembre<\/u> :<\/strong><\/td>\n<td style=\"text-align: left;\"><strong><u>10h30 :<\/u> Messe \u00e0 l\u2019\u00e9glise St Georges de Cr\u00e9cy-La-Chapelle.<br \/>\nMesse pour la famille PRESSON-LATIEULE.<br \/>\nMesse pour Vincent MANAUT et Ren\u00e9 BELBOUCHE.<br \/>Qu\u00eate pour le secours catholique.<br \/>\n<\/strong><\/td>\n<\/tr>\n<tr>\n<td style=\"text-align: left;\"><strong><u>Lundi 17 novembre<\/u> :<\/strong><\/td>\n<td style=\"text-align: left;\"><strong><u>10h :<\/u> Obs\u00e8ques de Jo\u00ebl Robert DELAMARE \u00e0 l\u2019\u00e9glise St Georges de Cr\u00e9cy-la-Chapelle.<br \/>\n<\/strong><\/td>\n<\/tr>\n<tr>\n<td style=\"text-align: left;\"><strong><u>Mardi 18 novembre<\/u> :<\/strong><\/td>\n<td style=\"text-align: left;\"><strong><u>11h :<\/u> Messe \u00e0 Cr\u00e9cy.<br \/>\n<u>18h :<\/u> R\u00e9p\u00e9tition chorale.<\/strong><\/td>\n<\/tr>\n<tr>\n<td style=\"text-align: left;\"><strong><u>Mercredi 19 novembre<\/u> :<\/strong><\/td>\n<td style=\"text-align: left;\"><strong><u>18h30 :<\/u> Messe \u00e0 Cr\u00e9cy.<\/strong><\/td>\n<\/tr>\n<tr>\n<td style=\"text-align: left;\"><strong><u>Jeudi 20 novembre<\/u> :<\/strong><\/td>\n<td style=\"text-align: left;\"><strong><u>9h :<\/u> Messe \u00e0 Cr\u00e9cy.<\/strong><\/td>\n<\/tr>\n<tr>\n<td style=\"text-align: left;\"><strong><u>Vendredi 21 novembre\u00a0:<\/u><\/strong><\/td>\n<td style=\"text-align: left;\"><strong><u>18h :<\/u> Adoration du St sacrement suivie de la messe au Presbyt\u00e8re de Cr\u00e9cy.<\/strong><\/td>\n<\/tr>\n<tr>\n<td style=\"text-align: left;\"><strong><u>Samedi 22 novembre<\/u> :<\/strong><\/td>\n<td style=\"text-align: left;\"><strong><u>18h30 :<\/u> Messe \u00e0 l&rsquo;\u00e9glise St Pierre de Voulangis.<br \/> Messe pour Paulette ROSIER.<\/strong><\/td>\n<\/tr>\n<tr>\n<td style=\"text-align: left;\"><strong><u>Dimanche 23 novembre<\/u> :<\/strong><\/td>\n<td style=\"text-align: left;\"><strong><u>10h30 :<\/u> Messe \u00e0 l\u2019\u00e9glise St Georges de Cr\u00e9cy-La-Chapelle.<br \/>Messe pour Ronald SEPHO et Pierre-Louis VION.<br \/>Messe pour Jo\u00ebl DELAMARE inhum\u00e9 cette semaine.<br \/>\n<u>16h30 :<\/u> Concert au Piano 4 mains et Chant \u00e0 l\u2019\u00e9glise St Pierre de Voulangis.<br \/>\n<\/strong><\/td>\n<\/tr>\n<\/tbody>\n<\/table>\n","protected":false},"excerpt":{"rendered":"<p>Samedi 15 novembre : 18h30 : Messe \u00e0 Villiers.Qu\u00eate pour le secours catholique. Dimanche 16 novembre : 10h30 : Messe \u00e0 l\u2019\u00e9glise St Georges de Cr\u00e9cy-La-Chapelle. Messe pour la famille PRESSON-LATIEULE. Messe pour Vincent&#46;&#46;&#46;<\/p>\n","protected":false},"author":1,"featured_media":0,"comment_status":"open","ping_status":"open","sticky":false,"template":"","format":"standard","meta":{"footnotes":""},"categories":[2],"tags":[],"class_list":["post-2093","post","type-post","status-publish","format-standard","hentry","category-annonces"],"_links":{"self":[{"href":"http:\/\/www.chapelle-crecy.com\/index.php?rest_route=\/wp\/v2\/posts\/2093","targetHints":{"allow":["GET"]}}],"collection":[{"href":"http:\/\/www.chapelle-crecy.com\/index.php?rest_route=\/wp\/v2\/posts"}],"about":[{"href":"http:\/\/www.chapelle-crecy.com\/index.php?rest_route=\/wp\/v2\/types\/post"}],"author":[{"embeddable":true,"href":"http:\/\/www.chapelle-crecy.com\/index.php?rest_route=\/wp\/v2\/users\/1"}],"replies":[{"embeddable":true,"href":"http:\/\/www.chapelle-crecy.com\/index.php?rest_route=%2Fwp%2Fv2%2Fcomments&post=2093"}],"version-history":[{"count":2,"href":"http:\/\/www.chapelle-crecy.com\/index.php?rest_route=\/wp\/v2\/posts\/2093\/revisions"}],"predecessor-version":[{"id":2096,"href":"http:\/\/www.chapelle-crecy.com\/index.php?rest_route=\/wp\/v2\/posts\/2093\/revisions\/2096"}],"wp:attachment":[{"href":"http:\/\/www.chapelle-crecy.com\/index.php?rest_route=%2Fwp%2Fv2%2Fmedia&parent=2093"}],"wp:term":[{"taxonomy":"category","embeddable":true,"href":"http:\/\/www.chapelle-crecy.com\/index.php?rest_route=%2Fwp%2Fv2%2Fcategories&post=2093"},{"taxonomy":"post_tag","embeddable":true,"href":"http:\/\/www.chapelle-crecy.com\/index.php?rest_route=%2Fwp%2Fv2%2Ftags&post=2093"}],"curies":[{"name":"wp","href":"https:\/\/api.w.org\/{rel}","templated":true}]}}