{"id":211,"date":"2010-03-23T15:22:00","date_gmt":"2010-03-23T15:22:00","guid":{"rendered":""},"modified":"-0001-11-30T00:00:00","modified_gmt":"-0001-11-29T22:00:00","slug":"","status":"publish","type":"post","link":"http:\/\/www.chapelle-crecy.com\/?p=211","title":{"rendered":"F\u00eate du pardon 2010"},"content":{"rendered":"<table bgcolor =\"F0FAFF\" border=0>\n<tbody>\n<tr>\n<td>\n<div align=\"justify\">\n<div \"129\">\n<div align=\"justify\">Le 27 mars 2010 aura lieu \u00e0\u00a0 l&rsquo;\u00e9glise St Jean Bosco \u00e0\u00a0 Meaux la grande f\u00eate du pardon.<br \/>\nPendant trois heures et demi, tous les pr\u00eatres du P\u00f4le missionnaire de Meaux se relaient pour confesser les personnes qui d\u00e9sirent faire cette d\u00e9marche avant la grande f\u00eate de P\u00e2ques. Pour ceux et celles qui ne se seraient pas confess\u00e9s depuis longtemps, il existe trois lieux pour les y pr\u00e9parer&#8230;<\/div>\n<\/div>\n<\/td>\n<\/tr>\n<\/tbody>\n<\/table>\n<table bgcolor =\"F0FAFF\" border=0>\n<tbody>\n<tr>\n<td>\n<div align=\"justify\">\n<div align=\"justify\">L&rsquo;\u00e9glise St Jean Bosco est un lieu formidable car elle est modulable et pour l&rsquo;occasion nous pouvons y trouver un espace pour y prier, y adorer en toute libert\u00e9 et le temps que l&rsquo;on souhaite le Saint Sacrement, un autre espace o\u00f9 passe en boucle un DVD proposant un sujet de m\u00e9ditation sur la r\u00e9conciliation, puis un troisi\u00e8me espace o\u00f9 l&rsquo;on peut venir en toute discr\u00e9tion et libert\u00e9 parler tout simplement \u00e0 un ch\u00e9tien pr\u00e9par\u00e9 \u00e0 l&rsquo;\u00e9coute.<br \/>\n Chacun est libre de faire la d\u00e9marche du pardon. Pour les uns, venir parler \u00e0 quelqu&rsquo;un sera un premier pas, pour les autres ce sera un temps o\u00f9 l&rsquo;on aura pris le temps justement de se pr\u00e9parer \u00e0 recevoir ce sacrement de la mis\u00e9ricorde du P\u00e8re. Une pi\u00e8ce est sp\u00e9cialement r\u00e9serv\u00e9e \u00e0 pr\u00e9parer les enfants. Trois c\u00e9l\u00e9brations sont pr\u00e9vues durant l&rsquo;apr\u00e8s-midi : une \u00e0 14h15, une \u00e0 15h15 et une \u00e0 16h15.<br \/>\nLes confessions auront lieu de 14h15 \u00e0 17h30.\n<\/div>\n<\/td>\n<\/tr>\n<\/tbody>\n<\/table>\n<p><img20|center><\/p>\n","protected":false},"excerpt":{"rendered":"<p>Le 27 mars 2010 aura lieu \u00e0\u00a0 l&rsquo;\u00e9glise St Jean Bosco \u00e0\u00a0 Meaux la grande f\u00eate du pardon. Pendant trois heures et demi, tous les pr\u00eatres du P\u00f4le missionnaire de Meaux se relaient pour&#46;&#46;&#46;<\/p>\n","protected":false},"author":2,"featured_media":0,"comment_status":"open","ping_status":"open","sticky":false,"template":"","format":"standard","meta":{"footnotes":""},"categories":[],"tags":[],"class_list":["post-211","post","type-post","status-publish","format-standard","hentry"],"_links":{"self":[{"href":"http:\/\/www.chapelle-crecy.com\/index.php?rest_route=\/wp\/v2\/posts\/211","targetHints":{"allow":["GET"]}}],"collection":[{"href":"http:\/\/www.chapelle-crecy.com\/index.php?rest_route=\/wp\/v2\/posts"}],"about":[{"href":"http:\/\/www.chapelle-crecy.com\/index.php?rest_route=\/wp\/v2\/types\/post"}],"author":[{"embeddable":true,"href":"http:\/\/www.chapelle-crecy.com\/index.php?rest_route=\/wp\/v2\/users\/2"}],"replies":[{"embeddable":true,"href":"http:\/\/www.chapelle-crecy.com\/index.php?rest_route=%2Fwp%2Fv2%2Fcomments&post=211"}],"version-history":[{"count":0,"href":"http:\/\/www.chapelle-crecy.com\/index.php?rest_route=\/wp\/v2\/posts\/211\/revisions"}],"wp:attachment":[{"href":"http:\/\/www.chapelle-crecy.com\/index.php?rest_route=%2Fwp%2Fv2%2Fmedia&parent=211"}],"wp:term":[{"taxonomy":"category","embeddable":true,"href":"http:\/\/www.chapelle-crecy.com\/index.php?rest_route=%2Fwp%2Fv2%2Fcategories&post=211"},{"taxonomy":"post_tag","embeddable":true,"href":"http:\/\/www.chapelle-crecy.com\/index.php?rest_route=%2Fwp%2Fv2%2Ftags&post=211"}],"curies":[{"name":"wp","href":"https:\/\/api.w.org\/{rel}","templated":true}]}}