{"id":214,"date":"2010-02-26T23:59:45","date_gmt":"2010-02-26T23:59:45","guid":{"rendered":""},"modified":"-0001-11-30T00:00:00","modified_gmt":"-0001-11-29T22:00:00","slug":"","status":"publish","type":"post","link":"http:\/\/www.chapelle-crecy.com\/?p=214","title":{"rendered":"Annonces de la semaine du 27 f\u00e9vrier au 7 mars 2010"},"content":{"rendered":"<table bgcolor =\"F0FAFF\" border=0>\n<tbody>\n<tr>\n<td>\n<div align=\"justify\">\n<div \"132\">Voici les annonces de la semaine du samedi 27 f\u00e9vrier au dimanche 7 mars pour la paroisse des 3 clochers Cr\u00e9cy-la-Chapelle, Villiers-sur-Morin, Voulangis.<br \/>\nSamedi 27 f\u00e9vrier 18h30 : messe \u00e0\u00a0 Voulangis. Dimanche 28 \u00e0\u00a0 10h30 : Cr\u00e9cy.<br \/>\nSamedi 6 mars 18h30 : messe \u00e0\u00a0 Villiers. Dimanche 7 \u00e0\u00a0 10h30: Cr\u00e9cy <br \/>Tout le programme dans la suite &#8230; <a><br \/> \n<\/div>\n<\/td>\n<\/tr>\n<\/tbody>\n<\/table>\n<table bgcolor =\"F0F6FF\" border=0>\n<tbody>\n<tr>\n<td><font color=\"00FF00\"><\/p>\n<div align=\"center\"><img decoding=\"async\" src=\"\/IMG\/jpg\/eglise_voul.jpg\" width=150><\/div>\n<p><\/font><\/td>\n<td><font color=\"CC20AA\">Samedi 27 f\u00e9vrier<\/font><\/td>\n<td><font color=\"CC20AA\">18 h 30  Messe \u00e0 Voulangis  pour Daniel BROUILLET et Jean BEAUSIRE.<\/font><\/td>\n<\/tr>\n<tr>\n<td><font color=\"00FF00\">Dimanche 28 f\u00e9vrier<\/font><\/td>\n<td><font color=\"00FF00\">10 h 30 &#8211; Messe \u00e0 Cr\u00e9cy pour Philippe ESPARCIEUX et Andr\u00e9e REYDEL<\/font><\/td>\n<td><font color=\"00FF00\"><\/p>\n<div align=\"center\"><img decoding=\"async\" src=\"\/IMG\/lieux\/stgeorges01.jpg\" width=150><\/div>\n<p><\/font><\/td>\n<\/tr>\n<tr>\n<td width=150><font color=\"0020FF\">Lundi 1er mars<\/font><\/td>\n<td><font color=\"0020FF\">14 h 30  &#8211;  R\u00e9union de l'(Equipe du Rosaire chez Madame LOUIS.<br \/>\n17 h &#8211; C\u00e9l\u00e9bration \u00e0 la Maison de Retraite.<\/font><\/td>\n<td><font color=\"0020FF\"><\/p>\n<div align=\"center\">20 h 30 &#8211;  Conf\u00e9rence de Car\u00eame par le P\u00e8re RATTI \u00e0 l&rsquo;\u00e9glise de Quincy-Voisins.<\/font><\/td>\n<\/tr>\n<tr>\n<td><font color=\"CC20AA\">Mercredi 3 mars<\/font><\/td>\n<td><font color=\"CC20AA\">18 h  Messe \u00e0 Cr\u00e9cy pour Jos\u00e9phine et Henri COLLEU.<\/font><\/td>\n<td><font color=\"CC20AAA\"><\/p>\n<div align=\"center\"><img decoding=\"async\" src=\"\/IMG\/lieux\/stgeorges02.jpg\" width=150><\/div>\n<p><\/fonT><\/td>\n<\/tr>\n<tr>\n<td><font color=\"00FF00\"><\/p>\n<div align=\"center\"><img decoding=\"async\" src=\"\/IMG\/gif\/cross.gif\" ><\/fonT><\/td>\n<td><font color=\"00FF00\">Jeudi 4 mars.<\/font><\/td>\n<td><font color=\"00FF00\">18 h  &#8211;  A Cr\u00e9cy, Messe pour  H\u00e9l\u00e8ne DUBESSET et Alain VASSEUR.<\/font><\/td>\n<\/tr>\n<tr>\n<td><font color=\"0020FF\">Vendredi 5 mars<\/font><\/td>\n<td><font color=\"0020FF\">9 h &#8211; Messe \u00e0 Cr\u00e9cy pour Thierry GUY et Germaine CHERON.<\/font><\/td>\n<td><font color=\"0020FF\"><\/p>\n<div align=\"center\"><img decoding=\"async\" src=\"\/IMG\/gif\/lumiere_65.gif\"><\/div>\n<p><\/font><\/td>\n<\/tr>\n<tr>\n<td><font color=\"00FF00\"><\/p>\n<div align=\"center\"><img decoding=\"async\" src=\"\/IMG\/lieux\/villiers_eglise.jpg\" width=150><\/div>\n<p><\/font><\/td>\n<td><font color=\"CC20AA\">Samedi 6 mars<\/font><\/td>\n<td><font color=\"CC20AA\">18 h 30 &#8211;  Messe \u00e0 Villiers  pour Robert et Raymonde GUILAUMY.<\/font><\/td>\n<\/tr>\n<tr>\n<td><font color=\"00FF00\">Dimanche 7 mars<\/font><\/td>\n<td><font color=\"00FF00\">10 h 30 &#8211; A Cr\u00e9cy, Messe anniversaire pour Christian CADET.<\/font><\/td>\n<td><font color=\"00FF00\"><\/p>\n<div align=\"center\"><img decoding=\"async\" src=\"\/IMG\/lieux\/stgeorges03.jpg\" width=150><\/div>\n<p><\/font><\/td>\n<\/tr>\n<\/tbody>\n<\/table>\n","protected":false},"excerpt":{"rendered":"<p>Voici les annonces de la semaine du samedi 27 f\u00e9vrier au dimanche 7 mars pour la paroisse des 3 clochers Cr\u00e9cy-la-Chapelle, Villiers-sur-Morin, Voulangis. Samedi 27 f\u00e9vrier 18h30 : messe \u00e0\u00a0 Voulangis. Dimanche 28 \u00e0\u00a0&#46;&#46;&#46;<\/p>\n","protected":false},"author":2,"featured_media":0,"comment_status":"open","ping_status":"open","sticky":false,"template":"","format":"standard","meta":{"footnotes":""},"categories":[],"tags":[],"class_list":["post-214","post","type-post","status-publish","format-standard","hentry"],"_links":{"self":[{"href":"http:\/\/www.chapelle-crecy.com\/index.php?rest_route=\/wp\/v2\/posts\/214","targetHints":{"allow":["GET"]}}],"collection":[{"href":"http:\/\/www.chapelle-crecy.com\/index.php?rest_route=\/wp\/v2\/posts"}],"about":[{"href":"http:\/\/www.chapelle-crecy.com\/index.php?rest_route=\/wp\/v2\/types\/post"}],"author":[{"embeddable":true,"href":"http:\/\/www.chapelle-crecy.com\/index.php?rest_route=\/wp\/v2\/users\/2"}],"replies":[{"embeddable":true,"href":"http:\/\/www.chapelle-crecy.com\/index.php?rest_route=%2Fwp%2Fv2%2Fcomments&post=214"}],"version-history":[{"count":0,"href":"http:\/\/www.chapelle-crecy.com\/index.php?rest_route=\/wp\/v2\/posts\/214\/revisions"}],"wp:attachment":[{"href":"http:\/\/www.chapelle-crecy.com\/index.php?rest_route=%2Fwp%2Fv2%2Fmedia&parent=214"}],"wp:term":[{"taxonomy":"category","embeddable":true,"href":"http:\/\/www.chapelle-crecy.com\/index.php?rest_route=%2Fwp%2Fv2%2Fcategories&post=214"},{"taxonomy":"post_tag","embeddable":true,"href":"http:\/\/www.chapelle-crecy.com\/index.php?rest_route=%2Fwp%2Fv2%2Ftags&post=214"}],"curies":[{"name":"wp","href":"https:\/\/api.w.org\/{rel}","templated":true}]}}