{"id":2142,"date":"2026-01-11T18:00:00","date_gmt":"2026-01-11T17:00:00","guid":{"rendered":"https:\/\/www.chapelle-crecy.com\/?p=2142"},"modified":"2026-01-18T11:22:45","modified_gmt":"2026-01-18T10:22:45","slug":"annonces-du-12-au-18-janvier-2026","status":"publish","type":"post","link":"http:\/\/www.chapelle-crecy.com\/?p=2142","title":{"rendered":"Annonces du 12 au 18 janvier 2026"},"content":{"rendered":"<table>\n<tbody>\n<tr>\n<td style=\"text-align: left;\"><strong><u>Mardi 13 janvier<\/u> :<\/strong><\/td>\n<td style=\"text-align: left;\"><strong><u>9h :<\/u> Messe \u00e0 Cr\u00e9cy.<br \/>\n<u>18h30 :<\/u> R\u00e9p\u00e9tition de la chorale.<\/strong><\/td>\n<\/tr>\n<tr>\n<td style=\"text-align: left;\"><strong><u>Mercredi 14 janvier<\/u> :<\/strong><\/td>\n<td style=\"text-align: left;\"><strong><u>15h :<\/u> Obs\u00e8ques de Mr Marcel Laporte \u00e0 Voulangis.<br \/>\n<u>18h30 :<\/u> Messe \u00e0 Cr\u00e9cy.<\/strong><\/td>\n<\/tr>\n<tr>\n<td style=\"text-align: left;\"><strong><u>Vendredi 16 janvier\u00a0:<\/u><\/strong><\/td>\n<td style=\"text-align: left;\"><strong><u>18h :<\/u> Adoration du St sacrement suivie de la messe \u00e0 Cr\u00e9cy.<\/strong><\/td>\n<\/tr>\n<tr>\n<td style=\"text-align: left;\"><strong><u>Samedi 17 janvier :<\/u><\/strong><\/td>\n<td style=\"text-align: left;\"><strong><u>18h30 :<\/u> Messe \u00e0 Villiers.<\/strong><\/td>\n<\/tr>\n<tr>\n<td style=\"text-align: left;\"><strong><u>Dimanche 18 janvier<\/u> :<\/strong><\/td>\n<td style=\"text-align: left;\"><strong><u>10h30 :<\/u> Messe \u00e0 Voulangis.<br \/>Messe pour la Famille PRESSON-LATIEULE.<br \/>Messe pour Victor KONAN N&rsquo;GUESSAN.<br \/>\n<\/strong><\/td>\n<\/tr>\n<\/tbody>\n<\/table>\n","protected":false},"excerpt":{"rendered":"<p>Mardi 13 janvier : 9h : Messe \u00e0 Cr\u00e9cy. 18h30 : R\u00e9p\u00e9tition de la chorale. Mercredi 14 janvier : 15h : Obs\u00e8ques de Mr Marcel Laporte \u00e0 Voulangis. 18h30 : Messe \u00e0 Cr\u00e9cy. Vendredi&#46;&#46;&#46;<\/p>\n","protected":false},"author":1,"featured_media":0,"comment_status":"open","ping_status":"open","sticky":false,"template":"","format":"standard","meta":{"footnotes":""},"categories":[2],"tags":[],"class_list":["post-2142","post","type-post","status-publish","format-standard","hentry","category-annonces"],"_links":{"self":[{"href":"http:\/\/www.chapelle-crecy.com\/index.php?rest_route=\/wp\/v2\/posts\/2142","targetHints":{"allow":["GET"]}}],"collection":[{"href":"http:\/\/www.chapelle-crecy.com\/index.php?rest_route=\/wp\/v2\/posts"}],"about":[{"href":"http:\/\/www.chapelle-crecy.com\/index.php?rest_route=\/wp\/v2\/types\/post"}],"author":[{"embeddable":true,"href":"http:\/\/www.chapelle-crecy.com\/index.php?rest_route=\/wp\/v2\/users\/1"}],"replies":[{"embeddable":true,"href":"http:\/\/www.chapelle-crecy.com\/index.php?rest_route=%2Fwp%2Fv2%2Fcomments&post=2142"}],"version-history":[{"count":4,"href":"http:\/\/www.chapelle-crecy.com\/index.php?rest_route=\/wp\/v2\/posts\/2142\/revisions"}],"predecessor-version":[{"id":2147,"href":"http:\/\/www.chapelle-crecy.com\/index.php?rest_route=\/wp\/v2\/posts\/2142\/revisions\/2147"}],"wp:attachment":[{"href":"http:\/\/www.chapelle-crecy.com\/index.php?rest_route=%2Fwp%2Fv2%2Fmedia&parent=2142"}],"wp:term":[{"taxonomy":"category","embeddable":true,"href":"http:\/\/www.chapelle-crecy.com\/index.php?rest_route=%2Fwp%2Fv2%2Fcategories&post=2142"},{"taxonomy":"post_tag","embeddable":true,"href":"http:\/\/www.chapelle-crecy.com\/index.php?rest_route=%2Fwp%2Fv2%2Ftags&post=2142"}],"curies":[{"name":"wp","href":"https:\/\/api.w.org\/{rel}","templated":true}]}}