{"id":215,"date":"2010-03-01T21:25:09","date_gmt":"2010-03-01T21:25:09","guid":{"rendered":""},"modified":"-0001-11-30T00:00:00","modified_gmt":"-0001-11-29T22:00:00","slug":"","status":"publish","type":"post","link":"http:\/\/www.chapelle-crecy.com\/?p=215","title":{"rendered":"L&rsquo;EVENEMENT DE CE PRINTEMPS A MEAUX: GLORIOUS LE COME BACK!"},"content":{"rendered":"<table bgcolor =\"F0FAFF\" border=0>\n<tbody>\n<tr>\n<td>\n<div align=\"justify\">\n<div \"133\">Le 8 Mai prochain aura lieu dans la Cit\u00e9 de la Cour Episcopale de Meaux (lieux du Spectacle Historique) un concert de Pop donn\u00e9 par le Groupe GLORIOUS ! <\/div>\n<div align=\"justify\">5 ans apr\u00e8s leur premier concert \u00e0\u00a0 Meaux et trois albums plus tard, GLORIOUS revient plus en forme que jamais pour nous pr\u00e9senter son 5\u00e8me album !<br \/>\nNE RATEZ PAS CET \u00e9V\u00e0\u02c6NEMENT MELDOIS ! <\/div>\n<\/div>\n<\/td>\n<\/tr>\n<\/tbody>\n<\/table>\n<table bgcolor =\"F0FAFF\" border=0>\n<tbody>\n<tr>\n<td>\n<div align=\"justify\">R\u00e9servations sur gloriousmeaux@gmail.com ou 06 08 25 98 16<\/p>\n<p>8\u00e2\u201a\u00ac en pr\u00e9-vente, 12\u00e2\u201a\u00ac sur place !<br \/>\nDES TARIFS GROUPES ET FAMILLES SONT PREVUS ! CONTACTEZ NOUS ! <\/p>\n<p>L&rsquo;association Toujours Plus Loin, organisatrice de l&rsquo;\u00e9v\u00e8nement se fera une joie de vous accueillir pour cette soir\u00e9e exceptionnelle ! <\/p>\n<div align=\"center\"><img decoding=\"async\" src=\"\/IMG\/culturel\/glorious3.jpg\" width=400><\/div>\n<p>Pr\u00e9sentation du groupe GLORIOUS<\/p>\n<\/div>\n<div align=\"justify\">Le groupe est n\u00e9 \u00e0 Rome lors des JMJ (Journ\u00e9es Mondiales de la Jeunesse) de l&rsquo;an 2000, suite \u00e0 l&rsquo;appel de Jean-Paul II aux jeunes : \u00ab Chers jeunes, si vous \u00eates ce que vous devez \u00eatre, vous mettrez le feu au monde entier \u00bb. Trois fr\u00e8res de sang d\u00e9cident alors de fonder le premier groupe fran\u00e7ais de \u00abPop Louange \u00bb. Jeunes, bien dans leur peau, impr\u00e9gn\u00e9s de Goldman, Oasis, Calog\u00e9ro ou Coldplay, ils se lancent dans l&rsquo;aventure laissant derri\u00e8re eux leurs \u00e9tudes. Leur but est clair: transmettre aux jeunes de leur g\u00e9n\u00e9ration un message d&rsquo;esp\u00e9rance, de paix, de foi \u00e0 travers une musique actuelle in\u00e9dite en France, la \u00ab Pop Louange \u00bb<\/p>\n<p>3 albums plus tard, c&rsquo;est le carton !<\/p>\n<div align=\"center\"><img decoding=\"async\" src=\"\/IMG\/culturel\/glorious2.jpg\"><\/div>\n<\/div>\n<div align=\"justify\">Alors qu&rsquo;on leur pr\u00e9disait un maximum de 2000 ventes dans un milieu chr\u00e9tien soit disant d\u00e9sert\u00e9 par les jeunes, Glorious atteint 120 000 ventes, donne plus de 350 concerts dans toute la France (La Cigale &#8211; le Z\u00e9nith de Toulouse &#8211; le Transbordeur \u00e0 Lyon) et \u00e0 l&rsquo;\u00e9tranger (Italie, Allemagne, Belgique, Hongrie &#8230;). Ils rencontrent \u00e0 deux reprises le pape Jean-Paul II qui les encourage dans leur entreprise. Ils lui d\u00e9dient un single-hommage \u00ab Une vie pour une G\u00e9n\u00e9ration \u00bb.<\/p>\n<\/div>\n<div align=\"justify\">Loin du clich\u00e9 J\u00e9sus revient \u00bb, Glorious intrigue et passionne par son franc-parler, sa jeunesse, son professionnalisme et sa r\u00e9ussite in\u00e9dite. La presse s&#8217;empare du ph\u00e9nom\u00e8ne: 7 \u00e0 8, Thierry Ardisson, Laurent Ruquier, Les grandes Gueules de RMC, L&rsquo;Express, La Croix, Lib\u00e9ration &#8230;<\/p>\n<\/div>\n<div align=\"justify\">Suite \u00e0 un troisi\u00e8me album marqu\u00e9 par une collaboration avec Steve Prestage (Ing\u00e9nieur du son de De Palmas, Johnny Hallyday&#8230;), Thomas (chanteur, pianiste et compositeur) part un an pour une coop\u00e9ration en Afrique.<\/p>\n<\/div>\n<div align=\"justify\">En 2008, Glorious revient sur le devant de la sc\u00e8ne avec une double actualit\u00e9: un 4\u00e8me album intitul\u00e9 G\u00e9n\u00e9ration Louange et l&rsquo;ouverture de Lyon Centre.<br \/>\n <\/p>\n<div align=\"center\"><img decoding=\"async\" src=\"\/IMG\/culturel\/glorious1.jpg\" width=400><\/div>\n<\/td>\n<\/tr>\n<\/tbody>\n<\/table>\n","protected":false},"excerpt":{"rendered":"<p>Le 8 Mai prochain aura lieu dans la Cit\u00e9 de la Cour Episcopale de Meaux (lieux du Spectacle Historique) un concert de Pop donn\u00e9 par le Groupe GLORIOUS ! 5 ans apr\u00e8s leur premier&#46;&#46;&#46;<\/p>\n","protected":false},"author":2,"featured_media":0,"comment_status":"open","ping_status":"open","sticky":false,"template":"","format":"standard","meta":{"footnotes":""},"categories":[],"tags":[],"class_list":["post-215","post","type-post","status-publish","format-standard","hentry"],"_links":{"self":[{"href":"http:\/\/www.chapelle-crecy.com\/index.php?rest_route=\/wp\/v2\/posts\/215","targetHints":{"allow":["GET"]}}],"collection":[{"href":"http:\/\/www.chapelle-crecy.com\/index.php?rest_route=\/wp\/v2\/posts"}],"about":[{"href":"http:\/\/www.chapelle-crecy.com\/index.php?rest_route=\/wp\/v2\/types\/post"}],"author":[{"embeddable":true,"href":"http:\/\/www.chapelle-crecy.com\/index.php?rest_route=\/wp\/v2\/users\/2"}],"replies":[{"embeddable":true,"href":"http:\/\/www.chapelle-crecy.com\/index.php?rest_route=%2Fwp%2Fv2%2Fcomments&post=215"}],"version-history":[{"count":0,"href":"http:\/\/www.chapelle-crecy.com\/index.php?rest_route=\/wp\/v2\/posts\/215\/revisions"}],"wp:attachment":[{"href":"http:\/\/www.chapelle-crecy.com\/index.php?rest_route=%2Fwp%2Fv2%2Fmedia&parent=215"}],"wp:term":[{"taxonomy":"category","embeddable":true,"href":"http:\/\/www.chapelle-crecy.com\/index.php?rest_route=%2Fwp%2Fv2%2Fcategories&post=215"},{"taxonomy":"post_tag","embeddable":true,"href":"http:\/\/www.chapelle-crecy.com\/index.php?rest_route=%2Fwp%2Fv2%2Ftags&post=215"}],"curies":[{"name":"wp","href":"https:\/\/api.w.org\/{rel}","templated":true}]}}