{"id":216,"date":"2010-03-02T10:54:24","date_gmt":"2010-03-02T10:54:24","guid":{"rendered":""},"modified":"-0001-11-30T00:00:00","modified_gmt":"-0001-11-29T22:00:00","slug":"","status":"publish","type":"post","link":"http:\/\/www.chapelle-crecy.com\/?p=216","title":{"rendered":"Une ann\u00e9e sacerdotale \u00e0\u00a0 vivre ensemble"},"content":{"rendered":"<table bgcolor =\"F0FAFF\" border=0>\n<tbody>\n<tr>\n<td>\n<div align=\"justify\">\n<div \"134\">Apr\u00e8s une fructueuse ann\u00e9e saint Paul, le Saint-P\u00e8re nous fait le cadeau d&rsquo;une ann\u00e9e sacerdotale. Merci \u00e0\u00a0 lui infiniment ! Merci \u00e9galement au P\u00e8re Alain Ratti de nous donner l&rsquo;occasion de r\u00e9fl\u00e9chir sur ce minist\u00e8re si beau de la vocation des pr\u00eatres, \u00e0\u00a0 travers les 5 conf\u00e9rences de Car\u00eame du P\u00f4le de Meaux. La premi\u00e8re intervention a eu lieu hier soir, 1er mars 2010, en l&rsquo;\u00e9glise de Quincy-voisins.<\/div>\n<\/div>\n<\/td>\n<\/tr>\n<\/tbody>\n<\/table>\n<table bgcolor =\"F0FAFF\" border=0>\n<tbody>\n<tr>\n<td>\n<div align=\"justify\">Nous \u00e9tions \u00e0 peu pr\u00e8s 70 personnes et ce fut passionnant! Dans l&rsquo;Evangile de Jn17, J\u00e9sus s&rsquo;adresse \u00e0 son P\u00e8re pour que ses disciples (futurs premiers \u00e9v\u00eaques) re\u00e7oivent du P\u00e8re, source de tout don, l&rsquo;Esprit SAINT leur permettant d&rsquo;\u00eatre fid\u00e8le \u00e0 la V\u00e9rit\u00e9 (J\u00e9sus) dans la pri\u00e8re, signe d&rsquo;unit\u00e9, gard\u00e9 du mauvais pour \u00eatre missionnaire et donner l&rsquo;Evangile au monde.<br \/>\n Le p\u00e8re Ratti souhaite que nous revenions, la semaine prochaine, le 8 mars \u00e0 20h30 \u00e0 l&rsquo;\u00e9glise de Pierrelev\u00e9e, avec deux personnes. Elles ne le regretterons pas! Le th\u00e8me abord\u00e9 sera :<br \/>\n\u00ab sacerdoce des pr\u00eatres et des baptis\u00e9s \u00bb<\/div>\n<p>Pri\u00e8re pour les pr\u00eatres<\/p>\n<div align=\"justify\">\nSeigneur J\u00e9sus, avec saint Jean-Marie Vianney, nous te confions : tous les pr\u00eatres que nous connaissons, ceux que nous avons rencontr\u00e9s, ceux qui nous ont aid\u00e9s, ceux que tu nous donnes aujourd&rsquo;hui comme p\u00e8res.<br \/>\n Tu as appel\u00e9 chacun par son nom ; pour chacun, nous te louons et nous te supplions : garde-les dans la fid\u00e9lit\u00e9 \u00e0 Ton nom ; Toi qui les as consacr\u00e9s pour qu&rsquo;en Ton nom, ils soient nos pasteurs, donne leur force, confiance et joie pour accomplir leur mission.<br \/>\n Que l&rsquo;Eucharistie qu&rsquo;ils c\u00e9l\u00e8brent les nourrisse et leur donne le courage de s&rsquo;offrir avec Toi pour les brebis que nous sommes ; Qu&rsquo;ils soient plong\u00e9s dans Ton coeur de Mis\u00e9ricorde pour qu&rsquo;ils soient toujours les t\u00e9moins de ton pardon ; Qu&rsquo;ils soient de vrais adorateurs du P\u00e8re pour qu&rsquo;ils nous enseignent le v\u00e9ritable chemin de la saintet\u00e9.<br \/>\n P\u00e8re, avec eux, nous nous offrons au Christ pour l&rsquo;Eglise : qu&rsquo;elle soit missionnaire dans le souffle de ton Esprit; apprends-nous simplement \u00e0 les aimer, \u00e0 les respecter et \u00e0 les recevoir comme un don qui vient de Ta main, pour qu&rsquo;ensemble nous accomplissions davantage Ton oeuvre pour le salut de tous.<br \/>\n Amen.\n<\/div>\n<\/td>\n<\/tr>\n<\/tbody>\n<\/table>\n","protected":false},"excerpt":{"rendered":"<p>Apr\u00e8s une fructueuse ann\u00e9e saint Paul, le Saint-P\u00e8re nous fait le cadeau d&rsquo;une ann\u00e9e sacerdotale. Merci \u00e0\u00a0 lui infiniment ! Merci \u00e9galement au P\u00e8re Alain Ratti de nous donner l&rsquo;occasion de r\u00e9fl\u00e9chir sur ce&#46;&#46;&#46;<\/p>\n","protected":false},"author":2,"featured_media":0,"comment_status":"open","ping_status":"open","sticky":false,"template":"","format":"standard","meta":{"footnotes":""},"categories":[],"tags":[],"class_list":["post-216","post","type-post","status-publish","format-standard","hentry"],"_links":{"self":[{"href":"http:\/\/www.chapelle-crecy.com\/index.php?rest_route=\/wp\/v2\/posts\/216","targetHints":{"allow":["GET"]}}],"collection":[{"href":"http:\/\/www.chapelle-crecy.com\/index.php?rest_route=\/wp\/v2\/posts"}],"about":[{"href":"http:\/\/www.chapelle-crecy.com\/index.php?rest_route=\/wp\/v2\/types\/post"}],"author":[{"embeddable":true,"href":"http:\/\/www.chapelle-crecy.com\/index.php?rest_route=\/wp\/v2\/users\/2"}],"replies":[{"embeddable":true,"href":"http:\/\/www.chapelle-crecy.com\/index.php?rest_route=%2Fwp%2Fv2%2Fcomments&post=216"}],"version-history":[{"count":0,"href":"http:\/\/www.chapelle-crecy.com\/index.php?rest_route=\/wp\/v2\/posts\/216\/revisions"}],"wp:attachment":[{"href":"http:\/\/www.chapelle-crecy.com\/index.php?rest_route=%2Fwp%2Fv2%2Fmedia&parent=216"}],"wp:term":[{"taxonomy":"category","embeddable":true,"href":"http:\/\/www.chapelle-crecy.com\/index.php?rest_route=%2Fwp%2Fv2%2Fcategories&post=216"},{"taxonomy":"post_tag","embeddable":true,"href":"http:\/\/www.chapelle-crecy.com\/index.php?rest_route=%2Fwp%2Fv2%2Ftags&post=216"}],"curies":[{"name":"wp","href":"https:\/\/api.w.org\/{rel}","templated":true}]}}