{"id":217,"date":"2010-03-04T12:06:00","date_gmt":"2010-03-04T12:06:00","guid":{"rendered":""},"modified":"-0001-11-30T00:00:00","modified_gmt":"-0001-11-29T22:00:00","slug":"","status":"publish","type":"post","link":"http:\/\/www.chapelle-crecy.com\/?p=217","title":{"rendered":"Campagne de Car\u00eame  2010"},"content":{"rendered":"<table bgcolor =\"F0FAFF\" border=0>\n<tbody>\n<tr>\n<td>\n<div align=\"justify\">\n<div \"135\">Le car\u00eame qui a d\u00e9but\u00e9 cette ann\u00e9e le mercredi 10 f\u00e9vrier est un temps (40 jours) de pr\u00e9paration \u00e0\u00a0 la f\u00eate de P\u00e2ques, o\u00f9 l&rsquo;accent est mis sur le je\u00fbne (abstinence), la pri\u00e8re et la charit\u00e9. Nous sommes tous invit\u00e9s \u00e0\u00a0 \u00e9largir notre regard sur la relation \u00e0\u00a0 l&rsquo;autre et \u00e0\u00a0 agir pour la solidarit\u00e9. Le Secours Catholique de Cr\u00e9cy organisait ce samedi 27 f\u00e9vrier une collecte de denr\u00e9es pour les pauvres de nos quartiers. Retour sur ce temps fort par Evelyne <\/div>\n<\/div>\n<\/td>\n<\/tr>\n<\/tbody>\n<\/table>\n<table bgcolor =\"F0FAFF\" border=0>\n<tbody>\n<tr>\n<td>\n<div align=\"justify\">Pour notre collecte de car\u00eame 2010, la vingtaine de b\u00e9n\u00e9voles jeunes et moins jeunes ont r\u00e9pondu pr\u00e9sents pour cette action solidaire de partage avec les plus d\u00e9munis de notre secteur. Le temps nous a \u00e9t\u00e9 favorable mais les vacances scolaires ont sans doute eu une incidence sur le commerce et ne permettrons pas \u00e0 l&rsquo;antenne du Secours Catholique de Cr\u00e9cy de donner autant de  produits alimentaires et d&rsquo;hygi\u00e8ne \u00e0 l&rsquo;antenne de Beauval. La collecte aux magasins Intermarch\u00e9 et Carrefour City (que nous remercions infiniment), a \u00e9t\u00e9 un peu moins fructueuse mais tellement riche en contacts humains ! Que ce soit une bo \u00eete de conserve donn\u00e9e ou un caddy complet, la g\u00e9n\u00e9rosit\u00e9 est toute aussi belle \u00e0 vivre ensemble ! Deux de nos personnes accueillies ont fait une permanence et ont ainsi pu donner de leur temps et de leur \u00e9nergie. Ce temps est aussi pour elles un temps de partage permettant de briser cette solitude, sorte de double peine de la pauvret\u00e9.<br \/>\nMERCI A TOUS CEUX ET TOUTES CELLES QUI NOUS ONT AIDE POUR QUE VIVE LA SOLIDARITE EN CES TEMPS DIFFICILES!<\/div>\n<p><\/p>\n<div align=\"justify\">T\u00e9moignage des jeunes de l&rsquo;aum\u00f4nerie de Cr\u00e9cy recueillis par R\u00e9my, 16 ans :<br \/>\n\u00ab Le Secours Catholique sera toujours pour nous une exp\u00e9rience tr\u00e8s agr\u00e9able \u00e0 vivre. C&rsquo;est Dieu qui nous a appel\u00e9 \u00e0 cette mission importante pour les personnes qui ont moins que nous et c&rsquo;est pour \u00e7a que nous n&rsquo;avons pas h\u00e9sit\u00e9 \u00e0 y participer. Ce week-end, notre collecte de produits a, dans l&rsquo;ensemble, bien fonctionn\u00e9 bien qu&rsquo;il y ait eu quelques personnes qui refusaient de nous aider en ne nous donnant pas des produits. Les personnes qui nous ont aid\u00e9 l&rsquo;ont fait avec joie et en souriant et c&rsquo;est donc cela qui nous a donn\u00e9 espoir de continuer notre mission jusqu&rsquo;au bout. A la fin de notre collecte, nous avions rempli \u00e0 peu pr\u00e8s dix cartons, ce qui fut une tr\u00e8s grande satisfaction pour nous tous. Lors de cette collecte, les personnes qui nous ont aid\u00e9s ont vraiment \u00e9t\u00e9 tr\u00e8s g\u00e9n\u00e9reuses avec nous. \u00bb\n<\/div>\n<div align=\"justify\">Toute l&rsquo;ann\u00e9e, le samedi de 10h \u00e0 12h et le lundi de 16h \u00e0 18h (sauf pendant les vacances scolaires), vous pouvez nous rencontrer \u00e0 la permanence du Secours Catholique de Cr\u00e9cy (sous le presbyt\u00e8re). Rejoignez nos \u00e9quipes de b\u00e9n\u00e9voles pour informer, partager, soutenir les plus malheureux de notre secteur. Nous remercions chaleureusement tous les donateurs qui nous permettent d&rsquo;assurer notre mission envers les plus d\u00e9munis qui viennent de plus en plus nombreux frapper \u00e0 notre porte. Nous adressons \u00e9galement un grand merci \u00e0 tous ceux qui, chaque dimanche, d\u00e9posent au fond de l&rsquo;\u00e9glise de Cr\u00e9cy un peu de denr\u00e9es, tout cela nous aide beaucoup.<\/p>\n<table>\n<tr>\n<td>\n<div align=\"center\">\nContact : Evelyne &#8211; 01.64.63.90.11       <\/td>\n<td>\n<img decoding=\"async\" src=\"\/IMG\/jpg\/evelyne_reydel-2.jpg\" width=150><\/div>\n<\/td>\n<\/tr>\n<\/table>\n<\/div>\n<\/td>\n<\/tr>\n<\/tbody>\n<\/table>\n","protected":false},"excerpt":{"rendered":"<p>Le car\u00eame qui a d\u00e9but\u00e9 cette ann\u00e9e le mercredi 10 f\u00e9vrier est un temps (40 jours) de pr\u00e9paration \u00e0\u00a0 la f\u00eate de P\u00e2ques, o\u00f9 l&rsquo;accent est mis sur le je\u00fbne (abstinence), la pri\u00e8re et&#46;&#46;&#46;<\/p>\n","protected":false},"author":2,"featured_media":0,"comment_status":"open","ping_status":"open","sticky":false,"template":"","format":"standard","meta":{"footnotes":""},"categories":[],"tags":[],"class_list":["post-217","post","type-post","status-publish","format-standard","hentry"],"_links":{"self":[{"href":"http:\/\/www.chapelle-crecy.com\/index.php?rest_route=\/wp\/v2\/posts\/217","targetHints":{"allow":["GET"]}}],"collection":[{"href":"http:\/\/www.chapelle-crecy.com\/index.php?rest_route=\/wp\/v2\/posts"}],"about":[{"href":"http:\/\/www.chapelle-crecy.com\/index.php?rest_route=\/wp\/v2\/types\/post"}],"author":[{"embeddable":true,"href":"http:\/\/www.chapelle-crecy.com\/index.php?rest_route=\/wp\/v2\/users\/2"}],"replies":[{"embeddable":true,"href":"http:\/\/www.chapelle-crecy.com\/index.php?rest_route=%2Fwp%2Fv2%2Fcomments&post=217"}],"version-history":[{"count":0,"href":"http:\/\/www.chapelle-crecy.com\/index.php?rest_route=\/wp\/v2\/posts\/217\/revisions"}],"wp:attachment":[{"href":"http:\/\/www.chapelle-crecy.com\/index.php?rest_route=%2Fwp%2Fv2%2Fmedia&parent=217"}],"wp:term":[{"taxonomy":"category","embeddable":true,"href":"http:\/\/www.chapelle-crecy.com\/index.php?rest_route=%2Fwp%2Fv2%2Fcategories&post=217"},{"taxonomy":"post_tag","embeddable":true,"href":"http:\/\/www.chapelle-crecy.com\/index.php?rest_route=%2Fwp%2Fv2%2Ftags&post=217"}],"curies":[{"name":"wp","href":"https:\/\/api.w.org\/{rel}","templated":true}]}}