{"id":218,"date":"2010-03-06T15:10:49","date_gmt":"2010-03-06T15:10:49","guid":{"rendered":""},"modified":"-0001-11-30T00:00:00","modified_gmt":"-0001-11-29T22:00:00","slug":"","status":"publish","type":"post","link":"http:\/\/www.chapelle-crecy.com\/?p=218","title":{"rendered":"Annonces de la semaine du 6 au 14 mars 2010"},"content":{"rendered":"<table bgcolor =\"F0FAFF\" border=0>\n<tbody>\n<tr>\n<td>\n<div align=\"justify\">\n<div \"136\">Voici les annonces de la semaine du samedi 6 mars au dimanche 14 mars pour la paroisse des 3 clochers Cr\u00e9cy-la-Chapelle, Villiers-sur-Morin, Voulangis.<br \/>\nSamedi 6 mars 18h30 : messe \u00e0\u00a0 Villiers. Dimanche 7 \u00e0\u00a0 10h30: Cr\u00e9cy.<br \/>\nSamedi 13 mars 18h30 : messe \u00e0\u00a0 Voulangis. Dimanche 14 \u00e0\u00a0 10h30 : Cr\u00e9cy.<br \/>Tout le programme dans la suite &#8230; <a><br \/> \n<\/div>\n<\/td>\n<\/tr>\n<\/tbody>\n<\/table>\n<table bgcolor =\"F0F6FF\" border=0>\n<tbody>\n<tr>\n<td>\n<table bgcolor =\"F0F6FF\" border=0>\n<tbody>\n<tr>\n<td><font color=\"00FF00\"><\/p>\n<div align=\"center\"><img decoding=\"async\" src=\"\/IMG\/lieux\/villiers_eglise.jpg\" width=150><\/div>\n<p><\/font><\/td>\n<td><font color=\"CC20AA\">Samedi 6 mars<\/font><\/td>\n<td><font color=\"CC20AA\">18 h 30 &#8211;  Messe \u00e0 Villiers  pour Robert et Raymonde GUILAUMY.<\/font><\/td>\n<\/tr>\n<tr>\n<td><font color=\"00FF00\">Dimanche 7 mars<\/font><\/td>\n<td><font color=\"00FF00\">10 h 30 &#8211; A Cr\u00e9cy, Messe anniversaire pour Christian CADET.<br \/>Nous prierons \u00e9galement pour Philippe ESPARCIEUX et la famille MIGEON ainsi que pour Marie-Louise METHAIS inhum\u00e9e cette semaine.<\/font><\/td>\n<td><font color=\"00FF00\"><\/p>\n<div align=\"center\"><img decoding=\"async\" src=\"\/IMG\/lieux\/stgeorges03.jpg\" width=150><\/div>\n<p><\/font><\/td>\n<\/tr>\n<tr>\n<td width=150><font color=\"0020FF\">Lundi 8 mars<\/font><\/td>\n<td><font color=\"0020FF\">14 h 30  R\u00e9union de l&rsquo;\u00e9quipe du Rosaire chez Madame ADAM.<br \/>\n15 h &#8211; A Cr\u00e9cy, obs\u00e8ques de Jean MERILLON.<\/font><\/td>\n<td><font color=\"0020FF\">17 h &#8211; C\u00e9l\u00e9bration  \u00e0 la Maison de Retraite.<br \/>\n20 h 30 &#8211;  Conf\u00e9rence de Car\u00eame par le P\u00e8re RATTI \u00e0 l&rsquo;\u00e9glise de Pierre-Lev\u00e9e.<\/font><\/td>\n<\/tr>\n<tr>\n<td><font color=\"CC20AA\">Mercredi 10 mars<\/font><\/td>\n<td><font color=\"CC20AA\">18 h &#8211; Messe \u00e0 Cr\u00e9cy pour Rina CARPANEDO et Jean DESLANDES.<\/fonT><\/td>\n<td><font color=\"CC20AA\"><br \/>\n20 h 30  R\u00e9union de l&rsquo;Equipe d&rsquo;Animation Pastorale.<\/font><\/td>\n<\/tr>\n<tr>\n<td><font color=\"00FF00\"><\/p>\n<div align=\"center\"><img decoding=\"async\" src=\"\/IMG\/gif\/cross.gif\" ><\/fonT><\/td>\n<td><font color=\"00FF00\">Jeudi 11 mars.<\/font><\/td>\n<td><font color=\"00FF00\">18 h &#8211; A Cr\u00e9cy, Messe anniversaire pour Jean BUISSET.<\/font><\/td>\n<\/tr>\n<tr>\n<td><font color=\"0020FF\">Vendredi 12 mars<\/font><\/td>\n<td><font color=\"0020FF\">18 h \u00e0 19 h 30 &#8211; R\u00e9union d l&rsquo;\u00e9quipe MEJ \u00ab Jeunes T\u00e9moins \u00bb \u00e0 Cr\u00e9cy.<\/font><\/td>\n<td><font color=\"0020FF\"><\/p>\n<div align=\"center\"><img decoding=\"async\" src=\"\/IMG\/lieux\/stgeorges02.jpg\" width=150><\/div>\n<\/td>\n<\/tr>\n<tr>\n<td>\n<div align=\"center\"><img decoding=\"async\" src=\"\/IMG\/lieux\/voulangis_eglise2.jpg\" width=150><\/div>\n<\/td>\n<td><font color=\"CC20AA\">Samedi 13 mars<\/font><\/td>\n<td><font color=\"CC20AA\">18 h 30 &#8211;  Messe Voulangis pour Jean DEDIEU.<\/font><\/td>\n<\/tr>\n<tr>\n<td><font color=\"00FF00\">Dimanche 14 mars<\/font><\/td>\n<td><font color=\"00FF00\">10 h 30  A Cr\u00e9cy, Messe anim\u00e9e par les jeunes des \u00e9quipes MEJ. Elle sera c\u00e9l\u00e9br\u00e9e pour S\u00e9raphine BORELLI. Au cours de la Messe, deuxi\u00e8me scrutin  pour le Bapt\u00eame de Michael LEJEUNE<\/font><\/td>\n<td><font color=\"00FF00\"><\/p>\n<div align=\"center\"><img decoding=\"async\" src=\"\/IMG\/lieux\/stgeorges01.jpg\" width=150><\/div>\n<p><\/font><\/td>\n<\/tr>\n<\/tbody>\n<\/table>\n<p>A 9 h30, avant la Messe, nous r\u00e9p\u00e9terons les nouveaux chants que nous avons d\u00e9j\u00e0 commenc\u00e9 d&rsquo;apprendre. Et bien s\u00fbr, tout le monde est invit\u00e9 !<br \/>\nEt \u00e0  la fin de cette Messe, les jeunes du MEJ vous proposeront  des g\u00e2teaux de leur confection.\n<\/td>\n<\/tr>\n<\/tbody>\n<\/table>\n","protected":false},"excerpt":{"rendered":"<p>Voici les annonces de la semaine du samedi 6 mars au dimanche 14 mars pour la paroisse des 3 clochers Cr\u00e9cy-la-Chapelle, Villiers-sur-Morin, Voulangis. Samedi 6 mars 18h30 : messe \u00e0\u00a0 Villiers. Dimanche 7 \u00e0\u00a0&#46;&#46;&#46;<\/p>\n","protected":false},"author":2,"featured_media":0,"comment_status":"open","ping_status":"open","sticky":false,"template":"","format":"standard","meta":{"footnotes":""},"categories":[],"tags":[],"class_list":["post-218","post","type-post","status-publish","format-standard","hentry"],"_links":{"self":[{"href":"http:\/\/www.chapelle-crecy.com\/index.php?rest_route=\/wp\/v2\/posts\/218","targetHints":{"allow":["GET"]}}],"collection":[{"href":"http:\/\/www.chapelle-crecy.com\/index.php?rest_route=\/wp\/v2\/posts"}],"about":[{"href":"http:\/\/www.chapelle-crecy.com\/index.php?rest_route=\/wp\/v2\/types\/post"}],"author":[{"embeddable":true,"href":"http:\/\/www.chapelle-crecy.com\/index.php?rest_route=\/wp\/v2\/users\/2"}],"replies":[{"embeddable":true,"href":"http:\/\/www.chapelle-crecy.com\/index.php?rest_route=%2Fwp%2Fv2%2Fcomments&post=218"}],"version-history":[{"count":0,"href":"http:\/\/www.chapelle-crecy.com\/index.php?rest_route=\/wp\/v2\/posts\/218\/revisions"}],"wp:attachment":[{"href":"http:\/\/www.chapelle-crecy.com\/index.php?rest_route=%2Fwp%2Fv2%2Fmedia&parent=218"}],"wp:term":[{"taxonomy":"category","embeddable":true,"href":"http:\/\/www.chapelle-crecy.com\/index.php?rest_route=%2Fwp%2Fv2%2Fcategories&post=218"},{"taxonomy":"post_tag","embeddable":true,"href":"http:\/\/www.chapelle-crecy.com\/index.php?rest_route=%2Fwp%2Fv2%2Ftags&post=218"}],"curies":[{"name":"wp","href":"https:\/\/api.w.org\/{rel}","templated":true}]}}