{"id":219,"date":"2010-03-08T11:42:49","date_gmt":"2010-03-08T11:42:49","guid":{"rendered":""},"modified":"-0001-11-30T00:00:00","modified_gmt":"-0001-11-29T22:00:00","slug":"","status":"publish","type":"post","link":"http:\/\/www.chapelle-crecy.com\/?p=219","title":{"rendered":"Simple partage de la Parole (2010)"},"content":{"rendered":"<table bgcolor =\"F0FAFF\" border=0>\n<tbody>\n<tr>\n<td>\n<div align=\"justify\">\n<div \"137\">Evelyne, coordinatrice de l&rsquo;EAP de Cr\u00e9cy, nous invite ce soir 8 mars 2010, \u00e0\u00a0 nous rendre dans la petite \u00e9glise de Pierrelev\u00e9e \u00e0\u00a0 20h30. En effet, le P\u00e8re Ratti va nous parler avec son humour et sa verve habituelle du sacerdoce des pr\u00eatres mais aussi du n tre ! Venez nombreux rencontrer les autres membres de notre paroisse, venez visiter ce lieu de pri\u00e8re, venez \u00e9couter ce que le Christ a \u00e0\u00a0 nous dire de notre r\u00f4e \u00e0\u00a0 jouer dans ce monde. Nous avons une mission, un chemin \u00e0\u00a0 parcourir, ensemble, avec Celui qui est la Voie, la V\u00e9rit\u00e9 et la Vie, le Christ notre Ma\u00eetre et Seigneur! En cette mi-Car\u00eame, voici ce que lui inspirent les textes de la Parole.<\/div>\n<\/div>\n<\/td>\n<\/tr>\n<\/tbody>\n<\/table>\n<div align=\"justify\">Mon \u00e2me s&rsquo;\u00e9puise \u00e0 d\u00e9sirer le Seigneur ! <\/p>\n<p>Apr\u00e8s la magnifique hom\u00e9lie dominicale (le 6 mars, 3\u00e8me dimanche de Car\u00eame) du p\u00e8re Aim\u00e9 sur le d\u00e9sir que nous avons de Dieu justement, je suis boulevers\u00e9e devant cette phrase si belle et si profonde!. Combien sommes nous \u00e0 nous \u00e9puiser \u00e0 d\u00e9sirer le Seigneur ? Est-ce possible dans une vie tr\u00e9pidante remplie de soucis, d&rsquo;enfants \u00e0 \u00e9lever, de travail et de trajets \u00e0 parcourir chaque jour?<\/p>\n<p> O\u00f9 es-tu Seigneur?  O\u00f9 peut-on te trouver aujourd&rsquo;hui, au cours de notre journ\u00e9e de travail? <\/p>\n<p> Et je relis la premi\u00e8re lecture du jour. Elie, grand proph\u00e8te (messager de Dieu), mourant presque de faim a \u00e9t\u00e9 rassasi\u00e9 par une pauvre veuve \u00e9trang\u00e8re au peuple juif, comme Naaman, \u00e9tranger lui aussi a \u00e9t\u00e9 gu\u00e9ri par Elis\u00e9e, grand proph\u00e8te de ce temps-l\u00e0 !<br \/>\n De nombreuses fois dans la Bible, nous trouvons cette situation o\u00f9 Dieu veut nous dire que tout homme a quelque chose \u00e0 nous dire ou \u00e0 nous donner de la part de Dieu. Comment est-ce que j&rsquo;accueille dans  notre communaut\u00e9 celui qui est diff\u00e9rent, celui qui arrive, celui qui n&rsquo;est pas de notre culture ou celui qui n&rsquo;a rien?<br \/>\n Quelle est ma r\u00e9action premi\u00e8re?<br \/>\n Autrement dit, si j&rsquo;essaye de d\u00e9couvrir un temps soit peu ce qu&rsquo;il y a dans le coeur de celui qui m&rsquo;est \u00e9tranger je peux d\u00e9couvrir ce que Dieu veut me dire pour aujourd&rsquo;hui.<br \/>\n Comment ne pas regarder, \u00e9couter celui que je rencontre  dans le train, au travail, partout sans penser que Dieu peut se servir de lui pour me gu\u00e9rir, me donner une r\u00e9ponse \u00e0 une question, me rendre service, m&rsquo;apporter du r\u00e9confort, m&rsquo;apprendre quelque chose, me transmettre quelque chose de Dieu? <\/p>\n<p> OUVRONS LES PORTES ET LES FENETRES DE NOS COMMUNAUTES! C&rsquo;est d\u00e9rangeant mais tellement enrichissant et source de gu\u00e9rison int\u00e9rieure.<br \/>\n Non seulement ouvrons-les, mais allons, nous les baptis\u00e9s, au devant de ceux qui ont besoin de conna \u00eetre Celui qui es la source de toute gu\u00e9rison! <\/p>\n<p> VEILLONS A NE PAS RESTER ENTRE NOUS !\n<\/p><\/div>\n","protected":false},"excerpt":{"rendered":"<p>Evelyne, coordinatrice de l&rsquo;EAP de Cr\u00e9cy, nous invite ce soir 8 mars 2010, \u00e0\u00a0 nous rendre dans la petite \u00e9glise de Pierrelev\u00e9e \u00e0\u00a0 20h30. En effet, le P\u00e8re Ratti va nous parler avec son&#46;&#46;&#46;<\/p>\n","protected":false},"author":2,"featured_media":0,"comment_status":"open","ping_status":"open","sticky":false,"template":"","format":"standard","meta":{"footnotes":""},"categories":[],"tags":[],"class_list":["post-219","post","type-post","status-publish","format-standard","hentry"],"_links":{"self":[{"href":"http:\/\/www.chapelle-crecy.com\/index.php?rest_route=\/wp\/v2\/posts\/219","targetHints":{"allow":["GET"]}}],"collection":[{"href":"http:\/\/www.chapelle-crecy.com\/index.php?rest_route=\/wp\/v2\/posts"}],"about":[{"href":"http:\/\/www.chapelle-crecy.com\/index.php?rest_route=\/wp\/v2\/types\/post"}],"author":[{"embeddable":true,"href":"http:\/\/www.chapelle-crecy.com\/index.php?rest_route=\/wp\/v2\/users\/2"}],"replies":[{"embeddable":true,"href":"http:\/\/www.chapelle-crecy.com\/index.php?rest_route=%2Fwp%2Fv2%2Fcomments&post=219"}],"version-history":[{"count":0,"href":"http:\/\/www.chapelle-crecy.com\/index.php?rest_route=\/wp\/v2\/posts\/219\/revisions"}],"wp:attachment":[{"href":"http:\/\/www.chapelle-crecy.com\/index.php?rest_route=%2Fwp%2Fv2%2Fmedia&parent=219"}],"wp:term":[{"taxonomy":"category","embeddable":true,"href":"http:\/\/www.chapelle-crecy.com\/index.php?rest_route=%2Fwp%2Fv2%2Fcategories&post=219"},{"taxonomy":"post_tag","embeddable":true,"href":"http:\/\/www.chapelle-crecy.com\/index.php?rest_route=%2Fwp%2Fv2%2Ftags&post=219"}],"curies":[{"name":"wp","href":"https:\/\/api.w.org\/{rel}","templated":true}]}}