{"id":220,"date":"2010-03-10T16:00:34","date_gmt":"2010-03-10T16:00:34","guid":{"rendered":""},"modified":"-0001-11-30T00:00:00","modified_gmt":"-0001-11-29T22:00:00","slug":"","status":"publish","type":"post","link":"http:\/\/www.chapelle-crecy.com\/?p=220","title":{"rendered":"Pas de pr\u00eatre pas d&rsquo;Eucharistie (Vatican II)"},"content":{"rendered":"<table bgcolor =\"F0FAFF\" border=0>\n<tbody>\n<tr>\n<td>\n<div align=\"justify\">\n<div \"138\">Si vous n&rsquo;\u00e9tiez pas \u00e0\u00a0 la 2\u00e8me conf\u00e9rence de car\u00eame \u00e0\u00a0 Pierrelev\u00e9e du P\u00e8re Alain Ratti, lundi 8 mars 2010, nous vous proposons un r\u00e9sum\u00e9 succinct de sa riche m\u00e9ditation sur le sacerdoce des pr\u00eatres et le sacerdoce des baptis\u00e9s. Mais, retenez d&rsquo;ores et d\u00e9j\u00e0\u00a0 que la prochaine rencontre sur le th\u00e8me   \u00abComment Dieu m&rsquo;appelle ? \u00bb aura lieu le lundi 15 mars \u00e0\u00a0 20h30 \u00e0\u00a0 l&rsquo;\u00e9glise de Trilport. <\/div>\n<\/div>\n<\/td>\n<\/tr>\n<\/tbody>\n<\/table>\n<p>Le sacerdoce du Christ <\/p>\n<div align=\"justify\">Le sacerdoce est la plus grande preuve d&rsquo;amour que J\u00e9sus-Christ ait jamais faite \u00e0 la Cr\u00e9ation. Le cur\u00e9 d&rsquo;Ars disait: \u00ab le sacerdoce, c&rsquo;est l&rsquo;Amour du coeur de J\u00e9sus. La messe, c&rsquo;est le sacrifice total du Christ, le don total (le christianisme pratique la spiritualit\u00e9 du don), pour permettre \u00e0 l&rsquo;humanit\u00e9 toute enti\u00e8re de revenir aupr\u00e8s de Dieu, apr\u00e8s avoir quitt\u00e9 l&rsquo;Alliance (d\u00e9sob\u00e9issance de l&rsquo;Homme).  <\/p>\n<p> Cependant, il est impossible de parler du sacerdoce des chr\u00e9tiens sans se r\u00e9f\u00e9rer constamment au sacerdoce du Christ. Car J\u00e9sus a r\u00e9alis\u00e9 le sacrifice parfait (s\u00e9paration de la Chair et du Sang). Il \u00e9tait le pr\u00eatre parfait (selon l&rsquo;Ancien Testament) qui s&rsquo;est offert comme victime parfaite (lui-m\u00eame) sur un autel parfait (la croix). Une seule et unique messe a \u00e9t\u00e9 c\u00e9l\u00e9br\u00e9e par J\u00e9sus-Christ: elle a commenc\u00e9 le soir du Jeudi Saint quand il a lav\u00e9 les pieds de ses ap\u00f4tres (ablution, signe de purification avant le sacrifice qui sera remplac\u00e9 par le sacrement du pardon apr\u00e8s la R\u00e9surrection), continu\u00e9 le Vendredi Saint lors de sa crucifixion (avec la douleur de Marie, sa m\u00e8re au pied de la croix), la descente aux enfers le Samedi Saint (pour relever les d\u00e9funts= ceux qui n&rsquo;ont plus de fonction) et inviter tous les morts \u00e0 prendre avec Lui le Pain de la vie au Dimanche de P\u00e2ques, jour de la r\u00e9surrection. Toutes les eucharisties c\u00e9l\u00e9br\u00e9es par les pr\u00eatres, reli\u00e9s \u00e0 l&rsquo;unique pr\u00eatre qu&rsquo;est le Christ, sont reli\u00e9es \u00e0 cette unique Eucharistie. \u00ab Faites ceci en m\u00e9moire de moi. \u00bb Ce m\u00e9morial abolit l&rsquo;espace et le temps. Le ciel est pr\u00e9sent sur terre, toute la cr\u00e9ation partage la m\u00eame louange.<br \/>\n C&rsquo;est le lieu o\u00f9 chacun de nous peut \u00eatre au plus proche de ceux qui nous ont quitt\u00e9. Au cours de la messe c\u00e9l\u00e9br\u00e9e ici, les chr\u00e9tiens sont en communion avec le monde entier, c\u00e9leste et terrestre.<\/p>\n<p> Le sacerdoce des baptis\u00e9s<\/p>\n<p> Tous les baptis\u00e9s que nous sommes, nous formons le Peuple de Dieu. Nous sommes tous:<br \/>\n&#8211; pr\u00eatre: de par le bapt\u00eame, (St Jn 15) nous sommes greff\u00e9s sur le Christ et donc participants du sacerdoce du Christ. Nous devenons alors les interm\u00e9diaires entre Dieu et les hommes. Nous sommes charg\u00e9s de prier pour le monde, pour tous les hommes, ici bas et pour ceux qui nous ont quitt\u00e9. Quand on est baptis\u00e9, on ne vit plus pour soi-m\u00eame.<br \/>\n&#8211; proph\u00e8te: parler du P\u00e8re aux hommes, au nom de Dieu; Il nous faut approfondir notre foi, pour en vivre, pour parler en J\u00e9sus-Christ et non de J\u00e9sus-Christ;<br \/>\n&#8211; roi: Il nous faut annoncer la Bonne Nouvelle \u00e0 toute la cr\u00e9ation, mais surtout servir les plus pauvres mat\u00e9riellement et spirituellement. Tout le peuple sacerdotal a pour mission de rendre compte de l&rsquo;Esp\u00e9rance qui est en lui (premi\u00e8re lettre de  Pierre)<\/p>\n<p> Qu&rsquo;est ce qu&rsquo;un pr\u00eatre?<\/p>\n<p> Notre pape Beno \u00eet XVI nous dit qu&rsquo;il est un pont entre l&rsquo;homme et Dieu ;<br \/>\n Il fait monter les pri\u00e8res des hommes vers Dieu et fait descendre les b\u00e9n\u00e9dictions de Dieu vers l&rsquo;homme. C&rsquo;est celui qui offre le sacrifice. Au moment de la communion il agit \u00ab in persona Christi \u00bb c&rsquo;est-\u00e0-dire \u00e0 la place du Christ. Il a la capacit\u00e9 r\u00e9elle de m\u00e9diation et de r\u00e9conciliation entre Dieu et les hommes.<\/p>\n<p> Qu&rsquo;est-ce qu&rsquo;un sacrifice? <\/p>\n<p>quelque chose que nous pr\u00e9levons de ce que nous avons ou sur nous-m\u00eame pour l&rsquo;offrir. Le sacrifice peut \u00eatre aussi spirituel. Le sacrifice, c&rsquo;est le don.<\/p>\n<p> Qu&rsquo;est-ce qu&rsquo;un m\u00e9morial?<\/p>\n<p> A la diff\u00e9rence d&rsquo;une c\u00e9l\u00e9bration du souvenir ou d&rsquo;un anniversaire, un m\u00e9morial abolit le temps et l&rsquo;espace. Au cours de la messe nous sommes avec le Christ au repas du Jeudi Saint, nous le vivons comme si nous y \u00e9tions, nous sommes avec lui jusqu&rsquo;\u00e0 sa r\u00e9surrection. Mais au cours d&rsquo;un repas, nous partageons la nourriture et la relation.<br \/>\n AUSSI UNE QUESTION FONDAMENTALE SE POSE A NOUS CHRETIENS : qu&rsquo;apportons-nous \u00e0 la messe ? Venons- nous en \u00ab consommateurs \u00bb recevoir tout du Christ ou bien venons nous avec nos joies, nos peines, les pri\u00e8res pour ceux qui en ont besoin autour de nous. Qu&rsquo;est ce que nous offrons de nous en partage ? <\/p>\n<p> Le sacerdoce minist\u00e9riel<\/p>\n<p>Depuis que J\u00e9sus a ordonn\u00e9 comme pr\u00eatres les ap\u00f4tres le soir du Jeudi Saint, une cha \u00eene continue s&rsquo;est \u00e9tablie entre les 12 ap\u00f4tres et les \u00e9v\u00eaques, les pr\u00eatres et les diacres qui se sont succ\u00e9d\u00e9s depuis plus de 2000 ans jusqu&rsquo;\u00e0 aujourd&rsquo;hui. Le pr\u00eatre a pour premi\u00e8re mission d&rsquo;offrir Le sacrifice, de c\u00e9l\u00e9brer l&rsquo;Eucharistie \u00ab Fa \u00eetes ceci en m\u00e9moire de moi \u00bb. Ensuite, alors, il peut d\u00e9penser toute son \u00e9nergie \u00e0 la mission et exercer tous les services inh\u00e9rents \u00e0 sa fonction (la pri\u00e8re, les sacrements,  l&rsquo;aide aux plus pauvres, etc.). De m\u00eame, pour chacun de nous, par notre bapt\u00eame, nous avons \u00e9t\u00e9 r\u00e9g\u00e9n\u00e9r\u00e9 (Gen\u00e8se), nourrit du Pain de Vie, nous sommes inviter \u00e0 vivre de l&rsquo;Eucharistie pour ensuite partir en mission (sacrement de confirmation):<br \/>\nBapt\u00eame  Eucharistie &#8211;  Mission sont les trois sacrements de l&rsquo;initiation chr\u00e9tienne.<\/p>\n<p> Pri\u00e8re pour les pr\u00eatres<br \/>\n(Sanctuaire d&rsquo;Ars)<\/p>\n<p> Seigneur J\u00e9sus, avec St Jean-Marie Vianney,<br \/>\n nous te confions tous les pr\u00eatres que nous connaissons,<br \/>\n ceux que nous avons rencontr\u00e9s, ceux qui nous ont aid\u00e9s,<br \/>\n ceux que tu nous donnes aujourd&rsquo;hui comme p\u00e8res.<\/p>\n<p> Tu as appel\u00e9 chacun par son nom. Pour chacun, nous te louons<br \/>\net nous te supplions: aide-les dans la fid\u00e9lit\u00e9 \u00e0 Ton Nom. Toi qui<br \/>\nles as consacr\u00e9s, pour qu&rsquo;en Ton Nom ils soient nos pasteurs, donne-leur<br \/>\nforce, confiance et joie pour accomplir leur mission.<\/p>\n<p> Que l&rsquo;Eucharistie qu&rsquo;ils c\u00e9l\u00e8brent les nourrisse et leur donne le courage<br \/>\nde s&rsquo;offrir avec Toi pour les brebis que nous sommes.<\/p>\n<p> Qu&rsquo;ils soient plong\u00e9s dans Ton coeur de Mis\u00e9ricorde pour qu&rsquo;ils soient<br \/>\ntoujours les t\u00e9moins de Ton pardon.<\/p>\n<p> Qu&rsquo;ils soient de vrais adorateurs du P\u00e8re pour qu&rsquo;ils nous enseignent le<br \/>\nv\u00e9ritable chemin de la saintet\u00e9.<\/p>\n<p> P\u00e8re, avec eux, nous nous offrons au Christ pour l&rsquo;Eglise: qu&rsquo;elle soit missionnaire dans le souffle de Ton Esprit.<\/p>\n<p> Apprends-nous simplement \u00e0 les aimer, \u00e0 les respecter et \u00e0 les recevoir comme un don qui vient de Ta main, pour qu&rsquo;ensemble nous accomplissions davantage<br \/>\n Ton oeuvre pour le salut de tous. <\/p>\n<p>Amen\n<\/p><\/div>\n","protected":false},"excerpt":{"rendered":"<p>Si vous n&rsquo;\u00e9tiez pas \u00e0\u00a0 la 2\u00e8me conf\u00e9rence de car\u00eame \u00e0\u00a0 Pierrelev\u00e9e du P\u00e8re Alain Ratti, lundi 8 mars 2010, nous vous proposons un r\u00e9sum\u00e9 succinct de sa riche m\u00e9ditation sur le sacerdoce des&#46;&#46;&#46;<\/p>\n","protected":false},"author":2,"featured_media":0,"comment_status":"open","ping_status":"open","sticky":false,"template":"","format":"standard","meta":{"footnotes":""},"categories":[],"tags":[],"class_list":["post-220","post","type-post","status-publish","format-standard","hentry"],"_links":{"self":[{"href":"http:\/\/www.chapelle-crecy.com\/index.php?rest_route=\/wp\/v2\/posts\/220","targetHints":{"allow":["GET"]}}],"collection":[{"href":"http:\/\/www.chapelle-crecy.com\/index.php?rest_route=\/wp\/v2\/posts"}],"about":[{"href":"http:\/\/www.chapelle-crecy.com\/index.php?rest_route=\/wp\/v2\/types\/post"}],"author":[{"embeddable":true,"href":"http:\/\/www.chapelle-crecy.com\/index.php?rest_route=\/wp\/v2\/users\/2"}],"replies":[{"embeddable":true,"href":"http:\/\/www.chapelle-crecy.com\/index.php?rest_route=%2Fwp%2Fv2%2Fcomments&post=220"}],"version-history":[{"count":0,"href":"http:\/\/www.chapelle-crecy.com\/index.php?rest_route=\/wp\/v2\/posts\/220\/revisions"}],"wp:attachment":[{"href":"http:\/\/www.chapelle-crecy.com\/index.php?rest_route=%2Fwp%2Fv2%2Fmedia&parent=220"}],"wp:term":[{"taxonomy":"category","embeddable":true,"href":"http:\/\/www.chapelle-crecy.com\/index.php?rest_route=%2Fwp%2Fv2%2Fcategories&post=220"},{"taxonomy":"post_tag","embeddable":true,"href":"http:\/\/www.chapelle-crecy.com\/index.php?rest_route=%2Fwp%2Fv2%2Ftags&post=220"}],"curies":[{"name":"wp","href":"https:\/\/api.w.org\/{rel}","templated":true}]}}