{"id":221,"date":"2010-03-13T21:13:56","date_gmt":"2010-03-13T21:13:56","guid":{"rendered":""},"modified":"-0001-11-30T00:00:00","modified_gmt":"-0001-11-29T22:00:00","slug":"","status":"publish","type":"post","link":"http:\/\/www.chapelle-crecy.com\/?p=221","title":{"rendered":"Annonces de la semaine du 13 au 21 mars 2010"},"content":{"rendered":"<table bgcolor =\"F0FAFF\" border=0>\n<tbody>\n<tr>\n<td>\n<div align=\"justify\">\n<div \"139\">Voici les annonces de la semaine du samedi 13 mars au dimanche 21 mars pour la paroisse des 3 clochers Cr\u00e9cy-la-Chapelle, Villiers-sur-Morin, Voulangis.<br \/>\nSamedi 13 mars 18h30 : messe \u00e0\u00a0 Voulangis. Dimanche 14 \u00e0\u00a0 10h30 : Cr\u00e9cy.<br \/>\nSamedi 20 mars 18h30 : messe \u00e0\u00a0 Villiers. Dimanche 21 \u00e0\u00a0 10h30 : Cr\u00e9cy.<br \/>Tout le programme dans la suite &#8230; <a><br \/> \n<\/div>\n<\/td>\n<\/tr>\n<\/tbody>\n<\/table>\n<table bgcolor =\"F0F6FF\" border=0>\n<tbody>\n<tr>\n<td>\n<div align=\"center\"><img decoding=\"async\" src=\"\/IMG\/lieux\/voulangis_eglise2.jpg\" width=150><\/div>\n<\/td>\n<td><font color=\"CC20AA\">Samedi 13 mars<\/font><\/td>\n<td><font color=\"CC20AA\">18 h 30 &#8211;  Messe Voulangis pour Jean DEDIEU.<\/font><\/td>\n<\/tr>\n<tr>\n<td><font color=\"00FF00\">Dimanche 14 mars<\/font><\/td>\n<td><font color=\"00FF00\">10 h 30  A Cr\u00e9cy, Messe anim\u00e9e par les jeunes des \u00e9quipes MEJ. Elle sera c\u00e9l\u00e9br\u00e9e pour S\u00e9raphine BORELLI. Nous prierons \u00e9galement pour Jean  MERILLON inhum\u00e9 cette semaine.<br \/>\nAu cours de la Messe, deuxi\u00e8me scrutin  pour le Bapt\u00eame de Michael LEJEUNE<\/font><\/td>\n<td><font color=\"00FF00\"><\/p>\n<div align=\"center\"><img decoding=\"async\" src=\"\/IMG\/lieux\/stgeorges01.jpg\" width=150><\/div>\n<p><\/font><\/td>\n<\/tr>\n<tr>\n<td width=150><font color=\"0020FF\">Lundi 15 mars<\/font><\/td>\n<td><font color=\"0020FF\">17 h &#8211; C\u00e9l\u00e9bration \u00e0 la Maison de Retraite.<\/font><\/td>\n<td><font color=\"0020FF\">20 h 30 &#8211;  Conf\u00e9rence de Car\u00eame par le P\u00e8re RATTI \u00e0 l&rsquo;\u00e9glise de Trilport  th\u00e8me : \u00ab Comment Dieu m&rsquo;appelle \u00bb.<\/font><\/td>\n<\/tr>\n<tr>\n<td>\n<div align=\"center\"><img decoding=\"async\" src=\"\/IMG\/gif\/lumiere_65.gif\" ><\/div>\n<\/td>\n<td width=150><font color=\"00FF00\">Mardi 16 mars<\/font><\/td>\n<td><font color=\"00FF00\">9 h &#8211; Messe \u00e0 Cr\u00e9cy pour Roger LABARRE et Mathias CURIC.<\/font><\/td>\n<\/tr>\n<tr>\n<td><font color=\"CC20AA\">Mercredi 17 mars<\/font><\/td>\n<td><font color=\"CC20AA\">18 h &#8211; Messe \u00e0 Cr\u00e9cy pour les d\u00e9funts de la famille THION-MUNIER.<\/fonT><\/td>\n<td>\n<div align=\"center\"><img decoding=\"async\" src=\"\/IMG\/lieux\/stgeorges02.jpg\" width=150><\/div>\n<\/td>\n<\/tr>\n<tr>\n<td><font color=\"00FF00\"><\/p>\n<div align=\"center\"><img decoding=\"async\" src=\"\/IMG\/gif\/cross.gif\" ><\/fonT><\/td>\n<td><font color=\"00FF00\">Jeudi 18 mars.<\/font><\/td>\n<td><font color=\"00FF00\">18 h 30 &#8211;  A Cr\u00e9cy, Messe pour Roger LECLERE et Andr\u00e9 HUYS.<\/font><\/td>\n<\/tr>\n<tr>\n<td><font color=\"0020FF\">Vendredi 19 mars<\/font><\/td>\n<td><font color=\"0020FF\"> 18 h &#8211;  Messe \u00e0  Cr\u00e9cy pour Henriette TUFFIN et Louis JACOB.<\/font><\/td>\n<td><font color=\"0020FF\">19 h 30  R\u00e9union du Centre de Pr\u00e9paration au Mariage<\/td>\n<\/tr>\n<tr>\n<td><font color=\"CC20AA\">Samedi 20 mars<\/font><\/td>\n<td><font color=\"CC20AA\">18 h 30 &#8211;  A Villiers, Messe anniversaire  pour  Lucie RICHOILLEY et Maxime FERTE.<br \/>Nous prierons \u00e9galement pour Simone BOUTE  et Robert GEISLER d\u00e9c\u00e9d\u00e9s cette semaine.<\/font><\/td>\n<td><font color=\"CC20AA\">de 20 h \u00e0 22 h  R\u00e9union de l&rsquo;\u00e9quipe MEJ des \u00ab T\u00e9moins d&rsquo;aujourd&rsquo;hui \u00bb.<\/font><\/td>\n<\/tr>\n<tr>\n<td><font color=\"00FF00\">Dimanche 21 mars<\/font><\/td>\n<td><font color=\"00FF00\">10 h 30  Messe \u00e0 Cr\u00e9cy pour tous les d\u00e9funts de nos paroisses, en particulier pour Marcelle GONDARD.Nous prierons \u00e9galement pour une malade de notre paroisse :  Gis\u00e8le MAILLARD .<br \/>\n<\/font><\/td>\n<td><font color=\"00FF00\"><\/p>\n<div align=\"center\"><img decoding=\"async\" src=\"\/IMG\/lieux\/stgeorges03.jpg\" width=150><\/div>\n<p><\/font><\/td>\n<\/tr>\n<\/tbody>\n<\/table>\n","protected":false},"excerpt":{"rendered":"<p>Voici les annonces de la semaine du samedi 13 mars au dimanche 21 mars pour la paroisse des 3 clochers Cr\u00e9cy-la-Chapelle, Villiers-sur-Morin, Voulangis. Samedi 13 mars 18h30 : messe \u00e0\u00a0 Voulangis. Dimanche 14 \u00e0\u00a0&#46;&#46;&#46;<\/p>\n","protected":false},"author":2,"featured_media":0,"comment_status":"open","ping_status":"open","sticky":false,"template":"","format":"standard","meta":{"footnotes":""},"categories":[],"tags":[],"class_list":["post-221","post","type-post","status-publish","format-standard","hentry"],"_links":{"self":[{"href":"http:\/\/www.chapelle-crecy.com\/index.php?rest_route=\/wp\/v2\/posts\/221","targetHints":{"allow":["GET"]}}],"collection":[{"href":"http:\/\/www.chapelle-crecy.com\/index.php?rest_route=\/wp\/v2\/posts"}],"about":[{"href":"http:\/\/www.chapelle-crecy.com\/index.php?rest_route=\/wp\/v2\/types\/post"}],"author":[{"embeddable":true,"href":"http:\/\/www.chapelle-crecy.com\/index.php?rest_route=\/wp\/v2\/users\/2"}],"replies":[{"embeddable":true,"href":"http:\/\/www.chapelle-crecy.com\/index.php?rest_route=%2Fwp%2Fv2%2Fcomments&post=221"}],"version-history":[{"count":0,"href":"http:\/\/www.chapelle-crecy.com\/index.php?rest_route=\/wp\/v2\/posts\/221\/revisions"}],"wp:attachment":[{"href":"http:\/\/www.chapelle-crecy.com\/index.php?rest_route=%2Fwp%2Fv2%2Fmedia&parent=221"}],"wp:term":[{"taxonomy":"category","embeddable":true,"href":"http:\/\/www.chapelle-crecy.com\/index.php?rest_route=%2Fwp%2Fv2%2Fcategories&post=221"},{"taxonomy":"post_tag","embeddable":true,"href":"http:\/\/www.chapelle-crecy.com\/index.php?rest_route=%2Fwp%2Fv2%2Ftags&post=221"}],"curies":[{"name":"wp","href":"https:\/\/api.w.org\/{rel}","templated":true}]}}