{"id":2211,"date":"2026-04-26T10:56:52","date_gmt":"2026-04-26T08:56:52","guid":{"rendered":"https:\/\/www.chapelle-crecy.com\/?p=2211"},"modified":"2026-04-26T10:56:52","modified_gmt":"2026-04-26T08:56:52","slug":"annonces-du-27-avril-au-3-mai-2026","status":"publish","type":"post","link":"http:\/\/www.chapelle-crecy.com\/?p=2211","title":{"rendered":"Annonces du 27 avril au 3 mai 2026"},"content":{"rendered":"<table>\n<tbody>\n<tr>\n<td style=\"text-align: left;\"><strong><u>Mardi 28 avril<\/u> :<\/strong><\/td>\n<td style=\"text-align: left;\"><strong><u>9h :<\/u> Messe \u00e0 Cr\u00e9cy.<br \/>\n<u>15h :<\/u> Obs\u00e8ques de Micheline VEDEL \u00e0 l&rsquo;\u00e9glise St Georges de Cr\u00e9cy-La-Chapelle.<br \/>\n<\/strong><\/td>\n<\/tr>\n<tr>\n<td style=\"text-align: left;\"><strong><u>Mercredi 29 avril<\/u> :<\/strong><\/td>\n<td style=\"text-align: left;\"><strong><u>9h :<\/u> Messe \u00e0 Cr\u00e9cy.<br \/>\n<\/strong><\/td>\n<\/tr>\n<tr>\n<td style=\"text-align: left;\" width=300><strong><u>Jeudi 30 avril<\/u> :<\/strong><\/td>\n<td style=\"text-align: left;\"><strong><u>9h :<\/u> Messe \u00e0 Cr\u00e9cy.<br \/>\n<\/strong><\/td>\n<\/tr>\n<tr>\n<td style=\"text-align: left;\"><strong><u>Vendredi 1er mai\u00a0: <\/u><\/strong><\/td>\n<td style=\"text-align: left;\"><strong><u>18h :<\/u> Adoration du St Sacrement suivie de la messe \u00e0 Cr\u00e9cy.<\/strong><\/td>\n<\/tr>\n<tr>\n<td style=\"text-align: left;\"><strong><u>Samedi 2 mai: <\/u><\/strong><\/td>\n<td style=\"text-align: left;\"><strong><u>9h :<\/u> Messe en l&rsquo;honneur de Notre Bienheurese Vierge Marie.<br \/>\n<u>10h30 :<\/u> Bapt\u00eame d&rsquo;Irina FREITAS \u00e0 l&rsquo;\u00e9glise St Georges de Cr\u00e9cy-La-Chapelle.<br \/>\n<u>16h :<\/u> Messe de mariage de Lucas BOCHER et Claire PIERRE \u00e0 l&rsquo;\u00e9glise St Georges de Cr\u00e9cy-La-Chapelle.<br \/>\n<u>18h30 : <\/u> Messe \u00e0 Villiers. Messe pour Jacqueline et Pierre LOUIS, messe pour Micheline VEDEL inhum\u00e9e cette semaine.<br \/>\n<\/strong><\/td>\n<\/tr>\n<tr>\n<td style=\"text-align: left;\"><strong><u>Dimanche 3 mai : <\/u><\/strong><\/td>\n<td style=\"text-align: left;\"><strong><u>10h :<\/u> messe du P\u00f4le missionnaire de Meaux \u00e0 l&rsquo;\u00e9glise de Quincy-Voisins.<br \/>\n<\/strong><\/td>\n<\/tr>\n<\/tbody>\n<\/table>\n\n\n<p><\/p>\n","protected":false},"excerpt":{"rendered":"<p>Mardi 28 avril : 9h : Messe \u00e0 Cr\u00e9cy. 15h : Obs\u00e8ques de Micheline VEDEL \u00e0 l&rsquo;\u00e9glise St Georges de Cr\u00e9cy-La-Chapelle. Mercredi 29 avril : 9h : Messe \u00e0 Cr\u00e9cy. Jeudi 30 avril :&#46;&#46;&#46;<\/p>\n","protected":false},"author":1,"featured_media":0,"comment_status":"open","ping_status":"open","sticky":false,"template":"","format":"standard","meta":{"footnotes":""},"categories":[2],"tags":[],"class_list":["post-2211","post","type-post","status-publish","format-standard","hentry","category-annonces"],"_links":{"self":[{"href":"http:\/\/www.chapelle-crecy.com\/index.php?rest_route=\/wp\/v2\/posts\/2211","targetHints":{"allow":["GET"]}}],"collection":[{"href":"http:\/\/www.chapelle-crecy.com\/index.php?rest_route=\/wp\/v2\/posts"}],"about":[{"href":"http:\/\/www.chapelle-crecy.com\/index.php?rest_route=\/wp\/v2\/types\/post"}],"author":[{"embeddable":true,"href":"http:\/\/www.chapelle-crecy.com\/index.php?rest_route=\/wp\/v2\/users\/1"}],"replies":[{"embeddable":true,"href":"http:\/\/www.chapelle-crecy.com\/index.php?rest_route=%2Fwp%2Fv2%2Fcomments&post=2211"}],"version-history":[{"count":1,"href":"http:\/\/www.chapelle-crecy.com\/index.php?rest_route=\/wp\/v2\/posts\/2211\/revisions"}],"predecessor-version":[{"id":2212,"href":"http:\/\/www.chapelle-crecy.com\/index.php?rest_route=\/wp\/v2\/posts\/2211\/revisions\/2212"}],"wp:attachment":[{"href":"http:\/\/www.chapelle-crecy.com\/index.php?rest_route=%2Fwp%2Fv2%2Fmedia&parent=2211"}],"wp:term":[{"taxonomy":"category","embeddable":true,"href":"http:\/\/www.chapelle-crecy.com\/index.php?rest_route=%2Fwp%2Fv2%2Fcategories&post=2211"},{"taxonomy":"post_tag","embeddable":true,"href":"http:\/\/www.chapelle-crecy.com\/index.php?rest_route=%2Fwp%2Fv2%2Ftags&post=2211"}],"curies":[{"name":"wp","href":"https:\/\/api.w.org\/{rel}","templated":true}]}}