{"id":222,"date":"2010-03-13T21:46:27","date_gmt":"2010-03-13T21:46:27","guid":{"rendered":""},"modified":"-0001-11-30T00:00:00","modified_gmt":"-0001-11-29T22:00:00","slug":"","status":"publish","type":"post","link":"http:\/\/www.chapelle-crecy.com\/?p=222","title":{"rendered":"LCE 77 mars 2010"},"content":{"rendered":"<table bgcolor =\"F0FAFF\" border=0>\n<tbody>\n<tr>\n<td>\n<div align=\"justify\">\n<div \"140\">L.C.E. 77 &#8211; Lourdes Cancer Esp\u00e9rance<br \/>\nL e  M a i l l o n -77.  Mars &#8211; Avril  2010.<br \/>\nMessage d&rsquo;amiti\u00e9 et d&rsquo;information<br \/>\nChers amis, Dimanche 4 avril 2010,  nous f\u00eaterons P\u00e2ques !<br \/>\nCe jour que fit le Seigneur est jour de joie pour le Christ, et pour nous<br \/>\nPar sa mort et sa r\u00e9surrection, J\u00e9sus offre \u00e0\u00a0 tous les  \u00abr\u00e9alit\u00e9s d&rsquo;en haut!\u00bb. Demandons au Christ, sa force et sa joie pour r\u00e9v\u00e9ler aux plus pauvres, aux plus \u00e9loign\u00e9s, la grandeur de son amour<br \/>\nPortons l&rsquo;Esp\u00e9rance et la Mis\u00e9ricorde de Dieu \u00e0\u00a0 tous nos fr\u00e8res !.<\/div>\n<\/div>\n<\/td>\n<\/tr>\n<\/tbody>\n<\/table>\n<div align=\"center\">I N V I T A T I O N<\/div>\n<div align=\"justify\">\n Vous \u00eates cordialement convi\u00e9s \u00e0 l&rsquo;une de nos prochaines r\u00e9unions L.C.E.77. du printemps 2010.<br \/>\n&#8211; Jeudi 8 Avril  2010 \u00e0 14H15  \u00e0  Cr\u00e9cyla-Chapelle &#8211; 1, Place de l&rsquo;Eglise \u00e0  la  Maison Paroissiale &#8211; Parking dans la cour.<br \/>\n&#8211; Lundi 19 Avril 2010 \u00e0 14h15  \u00e0  Fontainebleau &#8211; 2, rue de la paroisse  Salle B.  Paroisse St-Louis  Parking place du march\u00e9.<\/p>\n<p> P\u00e8lerinage L.C.E. 2010 du Jubil\u00e9 &#8211; pour le 25\u00e8me anniversaire<br \/>\n 5500 p\u00e8lerins attendus \u00e0 Lourdes &#8211; une belle et grande f\u00eate ! <\/p>\n<p> Du mardi 21 au samedi 25 septembre 2010 &#8211;<br \/>\n&#8211; Il sera pr\u00e9sid\u00e9 par Mgr Pierre Marie Carr\u00e9 &#8211; archev\u00eaque d&rsquo;Albi et anim\u00e9 par Patrick Richard  &#8211; Chanteur  compositeur.<br \/>\n&#8211; Voyage par train sp\u00e9cial Corail. 1ere classe ParisLourdes.<\/p>\n<p> Nous vous invitons tous \u00e0 venir \u00e0 Lourdes, partager foi et Esp\u00e9rance.<\/p>\n<p> Ren\u00e9e Gorret  9 rue Sino\u00ebl &#8211; 77580 Cr\u00e9cy-la-Chapelle. T. 01 64 63 99 30<br \/>\n R.Bl. Merle 3 r.Victor Hugo &#8211; 77300 Fontainebleau.T. 01 64 22 80 28<br \/>\n Claude Laurent  26 R. Michel Place 77400 Dampmart. T. 01 60 07 36 90 <\/p>\n<div align=\"center\"><img decoding=\"async\" src=\"\/IMG\/jpg\/LCE2003C.jpg\" width=400><\/div>\n<p> L.C.E. 77  Lourdes Cancer Esp\u00e9rance<\/p>\n<p> Historique de l&rsquo;Association L.C.E.<br \/>\nLourdes Cancer Esp\u00e9rance  a vu le jour le 8 d\u00e9cembre 1985.<br \/>\nJean Claude Bruel, fondateur, touch\u00e9 par un cancer du cervelet a<br \/>\nregrett\u00e9 de ne pouvoir \u00e9changer sur sa foi lors de son s\u00e9jour \u00e0 l&rsquo;h\u00f4pital.<br \/>\nAyant surv\u00e9cu \u00e0 l&rsquo;\u00e9preuve, il a tout mis en oeuvre toute son \u00e9nergie \u00e0 lancer LCE. et il participe encore chaque ann\u00e9e au P\u00e8lerinage.<br \/>\nIl a trouv\u00e9 une aide pr\u00e9cieuse aupr\u00e8s de ses amis de l&rsquo;Hospitalit\u00e9 dans laquelle il \u00e9tait engag\u00e9 depuis 1950, et aupr\u00e8s aussi de la Croix Rouge.<br \/>\nLa d\u00e9cision fut prise d&rsquo;organiser un premier p\u00e8lerinage, l&rsquo;aventure \u00e9tait lanc\u00e9e. &#8211; 350 personnes concern\u00e9es par la maladie y particip\u00e8rent.<br \/>\nL&rsquo;association r\u00e9gie par la loi 1901 compte aujourd&rsquo;hui 7000 adh\u00e9rents.<\/p>\n<p> Le P\u00e8lerinage  : miracle du contact<br \/>\n Le p\u00e8lerinage de LCE. est baptis\u00e9 comme celui \u00ab du sourire \u00bb.<br \/>\nAu sein de l&rsquo;Association, les malades retrouvent courage et esp\u00e9rance   et, au quotidien, vivent une r\u00e9alit\u00e9 : \u00ab Ensemble on est plus forts \u00bb<br \/>\nT\u00e9moignage d&rsquo;une malade- \u00ab Je viens \u00e0 Lourdes chaque ann\u00e9e pour prier et dire merci \u00e0 Marie pour ces \u00e9preuves que je n&rsquo;ai pas choisies, mais qui permettent d&rsquo;avancer dans l&rsquo;esp\u00e9rance, mais pour cela il faut pouvoir compter sur la pri\u00e8re  et la fraternit\u00e9 du groupe.\u00bb<\/p>\n<p> Le p\u00e8lerinage : se vit dans la pri\u00e8re et l&rsquo;amiti\u00e9<br \/>\n Pendant  5 jours, tous les p\u00e8lerins vivent un temps privil\u00e9gi\u00e9 de pri\u00e8res, de rencontres et d&rsquo;\u00e9changes avec d&rsquo;autre personnes partageant les m\u00eames soucis face \u00e0 la maladie. Ils repartent plus confiants et pleins d&rsquo;ardeur pour lutter contre le mal, gr\u00e2ce \u00e0 l&rsquo;\u00e9nergie puis\u00e9e dans le ressourcement spirituel et l&rsquo;amiti\u00e9 : un temps fort de foi, de joie\u00e2\u20ac\u00a6 charg\u00e9 d&rsquo;esp\u00e9rance ! <\/p>\n<div align=\"center\"><img decoding=\"async\" src=\"\/IMG\/jpg\/LCE2003B.jpg\" width=400><bR>C\u00e9l\u00e9bration \u00ab\u00a0du sacrement des malades\u00a0\u00bb \u00e0 la basilique souterraine<\/div>\n<p> Chers amis de LCE.77.<br \/>\n Nous esp\u00e9rons vous rencontrer \u00e0 l&rsquo;une de nos prochaines r\u00e9unions ouvertes \u00e0 tous !<br \/>\n Nous vous donnerons plus d&rsquo;infos sur notre p\u00e8lerinage de septembre 2010 du Jubil\u00e9.<br \/>\n Pour faire conna \u00eetre notre mouvement veuillez inviter des personnes int\u00e9ress\u00e9es. <\/p>\n<p> Bonne f\u00eate de P\u00e2ques \u00e0 tous dans la joie et l&rsquo;amiti\u00e9 fraternelle.<br \/>\n Nous restons \u00e0 votre \u00e9coute   A bient\u00f4t !<\/p>\n<p> Ren\u00e9e Gorret  &#8211; Rose Blanche Merle &#8211; Claude Laurent.\n<\/p><\/div>\n<div align=\"center\"><img decoding=\"async\" src=\"\/IMG\/jpg\/LCE2003A.jpg\" width=400><br \/>Repas \u00e0 l&rsquo;h\u00f4tel Christian et Cluny des p\u00e8lerins  <\/div>\n","protected":false},"excerpt":{"rendered":"<p>L.C.E. 77 &#8211; Lourdes Cancer Esp\u00e9rance L e M a i l l o n -77. Mars &#8211; Avril 2010. Message d&rsquo;amiti\u00e9 et d&rsquo;information Chers amis, Dimanche 4 avril 2010, nous f\u00eaterons P\u00e2ques !&#46;&#46;&#46;<\/p>\n","protected":false},"author":2,"featured_media":0,"comment_status":"open","ping_status":"open","sticky":false,"template":"","format":"standard","meta":{"footnotes":""},"categories":[],"tags":[],"class_list":["post-222","post","type-post","status-publish","format-standard","hentry"],"_links":{"self":[{"href":"http:\/\/www.chapelle-crecy.com\/index.php?rest_route=\/wp\/v2\/posts\/222","targetHints":{"allow":["GET"]}}],"collection":[{"href":"http:\/\/www.chapelle-crecy.com\/index.php?rest_route=\/wp\/v2\/posts"}],"about":[{"href":"http:\/\/www.chapelle-crecy.com\/index.php?rest_route=\/wp\/v2\/types\/post"}],"author":[{"embeddable":true,"href":"http:\/\/www.chapelle-crecy.com\/index.php?rest_route=\/wp\/v2\/users\/2"}],"replies":[{"embeddable":true,"href":"http:\/\/www.chapelle-crecy.com\/index.php?rest_route=%2Fwp%2Fv2%2Fcomments&post=222"}],"version-history":[{"count":0,"href":"http:\/\/www.chapelle-crecy.com\/index.php?rest_route=\/wp\/v2\/posts\/222\/revisions"}],"wp:attachment":[{"href":"http:\/\/www.chapelle-crecy.com\/index.php?rest_route=%2Fwp%2Fv2%2Fmedia&parent=222"}],"wp:term":[{"taxonomy":"category","embeddable":true,"href":"http:\/\/www.chapelle-crecy.com\/index.php?rest_route=%2Fwp%2Fv2%2Fcategories&post=222"},{"taxonomy":"post_tag","embeddable":true,"href":"http:\/\/www.chapelle-crecy.com\/index.php?rest_route=%2Fwp%2Fv2%2Ftags&post=222"}],"curies":[{"name":"wp","href":"https:\/\/api.w.org\/{rel}","templated":true}]}}