{"id":223,"date":"2010-03-20T22:11:54","date_gmt":"2010-03-20T22:11:54","guid":{"rendered":""},"modified":"-0001-11-30T00:00:00","modified_gmt":"-0001-11-29T22:00:00","slug":"","status":"publish","type":"post","link":"http:\/\/www.chapelle-crecy.com\/?p=223","title":{"rendered":"Annonces de la semaine du 20 au 28 mars 2010"},"content":{"rendered":"<table bgcolor =\"F0FAFF\" border=0>\n<tbody>\n<tr>\n<td>\n<div align=\"justify\">\n<div \"141\">Voici les annonces de la semaine du samedi 20 mars au dimanche 28 mars pour la paroisse des 3 clochers Cr\u00e9cy-la-Chapelle, Villiers-sur-Morin, Voulangis.<br \/>\nSamedi 20 mars 18h30 : messe \u00e0\u00a0 Villiers. Dimanche 21 \u00e0\u00a0 10h30 : Cr\u00e9cy.<br \/>Samedi 27 mars 18h30 : messe \u00e0\u00a0 Voulangis. Dimanche 28 \u00e0\u00a0 10h30 : Cr\u00e9cy.<br \/>\nTout le programme dans la suite &#8230; <a><br \/> \n<\/div>\n<\/td>\n<\/tr>\n<\/tbody>\n<\/table>\n<table bgcolor =\"F0F6FF\" border=0>\n<tbody>\n<tr>\n<td><font color=\"CC20AA\">Samedi 20 mars<\/font><\/td>\n<td><font color=\"CC20AA\">18 h 30 &#8211;  A Villiers, Messe anniversaire  pour  Lucie RICHOILLEY et Maxime FERTE.<br \/>Nous prierons \u00e9galement pour Simone BOUTE  et Robert GEISLER d\u00e9c\u00e9d\u00e9s cette semaine.<\/font><\/td>\n<td><font color=\"CC20AA\">de 20 h \u00e0 22 h  R\u00e9union de l&rsquo;\u00e9quipe MEJ des \u00ab T\u00e9moins d&rsquo;aujourd&rsquo;hui \u00bb.<\/font><\/td>\n<\/tr>\n<tr>\n<td><font color=\"00FF00\">Dimanche 21 mars<\/font><\/td>\n<td><font color=\"00FF00\">10 h 30  Messe \u00e0 Cr\u00e9cy pour tous les d\u00e9funts de nos paroisses, en particulier pour Marcelle GONDARD.Nous prierons \u00e9galement pour une malade de notre paroisse :  Gis\u00e8le MAILLARD .<br \/>\n<\/font><\/td>\n<td><font color=\"00FF00\"><\/p>\n<div align=\"center\"><img decoding=\"async\" src=\"\/IMG\/lieux\/stgeorges01.jpg\" width=150><\/div>\n<p><\/font><\/td>\n<\/tr>\n<tr>\n<td width=150><font color=\"0020FF\">Lundi 22 mars<\/font><\/td>\n<td><font color=\"0020FF\">17 h &#8211; Messe  \u00e0 la Maison de Retraite pour Jean-Paul LEROY.<\/font><\/td>\n<td><font color=\"00FF00\"><\/p>\n<div align=\"center\"><img decoding=\"async\" src=\"\/IMG\/gif\/bibles004.gif\" ><\/div>\n<p><\/font><\/td>\n<\/tr>\n<tr>\n<td>\n<div align=\"center\"><img decoding=\"async\" src=\"\/IMG\/gif\/lumiere_65.gif\"><\/div>\n<\/td>\n<td width=150><font color=\"00FF00\">Mardi 23 mars<\/font><\/td>\n<td><font color=\"00FF00\">20 h 30 &#8211;  Conf\u00e9rence du P\u00e8re RATTI. \u00e0 l&rsquo;\u00e9glise de Villenoy. Th\u00e8me : \u00ab  le c\u00e9libat des pr\u00eatres \u00bb.<\/font><\/td>\n<\/tr>\n<tr>\n<td><font color=\"CC20AA\">Mercredi 24 mars<\/font><\/td>\n<td><font color=\"CC20AA\">de 14h \u00e0 15 h 30  &#8211; R\u00e9union de l&rsquo;Eveil \u00e0 la Foi.<\/fonT><\/td>\n<td><font color=\"CC20AA\">18 h &#8211;  Messe \u00e0 Cr\u00e9cy pour Suzanne VERSTRAETE.<\/fonT><\/td>\n<\/tr>\n<tr>\n<td><font color=\"00FF00\">Jeudi 25 mars.<\/font><\/td>\n<td><font color=\"00FF00\">18 h 30 &#8211;  A Cr\u00e9cy, Messe pour Herv\u00e9 DEFLANDRE et Muguette DUFOUR.<\/font><\/td>\n<td><font color=\"00FF00\">20 h &#8211;  C\u00e9l\u00e9bration p\u00e9nitentielle \u00e0 Cr\u00e9cy.<\/font><\/td>\n<\/tr>\n<tr>\n<td><font color=\"00FF00\"><\/p>\n<div align=\"center\"><img decoding=\"async\" src=\"\/IMG\/gif\/cross.gif\" ><\/fonT><\/td>\n<td><font color=\"0020FF\">Vendredi 26 mars<\/font><\/td>\n<td><font color=\"0020FF\"> 18 h &#8211;  Messe \u00e0  Cr\u00e9cy pour  Georges PIGEON et Gilbert CAPITAINE.<\/font><\/td>\n<\/tr>\n<tr>\n<td><font color=\"CC20AA\">Samedi 27 mars<\/font><\/td>\n<td><font color=\"CC20AA\">de 14 h 15 \u00e0 17 h30  Grande f\u00eate du Pardon \u00e0 l&rsquo;\u00e9glise St Jean Bosco \u00e0 Meaux.<br \/>\n<\/font><\/td>\n<td><font color=\"CC20AA\">18 h 30 &#8211; A Voulangis, Messe pour Maurice MOTTET et Andr\u00e9 GEORGIN.<\/font><\/td>\n<\/tr>\n<tr>\n<td><font color=\"00FF00\">Dimanche 28 mars.<br \/>\nMesse des Rameaux<\/font><\/td>\n<td><font color=\"00FF00\">10 h 30  Messe \u00e0 Cr\u00e9cy pour tous les d\u00e9funts de nos paroisses, en particulier pour Gaby et Pierre BEAUMONT.<\/font><\/td>\n<td><font color=\"00FF00\"><\/p>\n<div align=\"center\"><img decoding=\"async\" src=\"\/IMG\/lieux\/stgeorges02.jpg\" width=150><\/div>\n<p><\/font><\/td>\n<\/tr>\n<\/tbody>\n<\/table>\n","protected":false},"excerpt":{"rendered":"<p>Voici les annonces de la semaine du samedi 20 mars au dimanche 28 mars pour la paroisse des 3 clochers Cr\u00e9cy-la-Chapelle, Villiers-sur-Morin, Voulangis. Samedi 20 mars 18h30 : messe \u00e0\u00a0 Villiers. Dimanche 21 \u00e0\u00a0&#46;&#46;&#46;<\/p>\n","protected":false},"author":2,"featured_media":0,"comment_status":"open","ping_status":"open","sticky":false,"template":"","format":"standard","meta":{"footnotes":""},"categories":[],"tags":[],"class_list":["post-223","post","type-post","status-publish","format-standard","hentry"],"_links":{"self":[{"href":"http:\/\/www.chapelle-crecy.com\/index.php?rest_route=\/wp\/v2\/posts\/223","targetHints":{"allow":["GET"]}}],"collection":[{"href":"http:\/\/www.chapelle-crecy.com\/index.php?rest_route=\/wp\/v2\/posts"}],"about":[{"href":"http:\/\/www.chapelle-crecy.com\/index.php?rest_route=\/wp\/v2\/types\/post"}],"author":[{"embeddable":true,"href":"http:\/\/www.chapelle-crecy.com\/index.php?rest_route=\/wp\/v2\/users\/2"}],"replies":[{"embeddable":true,"href":"http:\/\/www.chapelle-crecy.com\/index.php?rest_route=%2Fwp%2Fv2%2Fcomments&post=223"}],"version-history":[{"count":0,"href":"http:\/\/www.chapelle-crecy.com\/index.php?rest_route=\/wp\/v2\/posts\/223\/revisions"}],"wp:attachment":[{"href":"http:\/\/www.chapelle-crecy.com\/index.php?rest_route=%2Fwp%2Fv2%2Fmedia&parent=223"}],"wp:term":[{"taxonomy":"category","embeddable":true,"href":"http:\/\/www.chapelle-crecy.com\/index.php?rest_route=%2Fwp%2Fv2%2Fcategories&post=223"},{"taxonomy":"post_tag","embeddable":true,"href":"http:\/\/www.chapelle-crecy.com\/index.php?rest_route=%2Fwp%2Fv2%2Ftags&post=223"}],"curies":[{"name":"wp","href":"https:\/\/api.w.org\/{rel}","templated":true}]}}