{"id":225,"date":"2010-03-28T16:20:00","date_gmt":"2010-03-28T16:20:00","guid":{"rendered":""},"modified":"-0001-11-30T00:00:00","modified_gmt":"-0001-11-29T22:00:00","slug":"","status":"publish","type":"post","link":"http:\/\/www.chapelle-crecy.com\/?p=225","title":{"rendered":"Annonces de la semaine du 29 mars au 4 avril 2010"},"content":{"rendered":"<table bgcolor =\"F0FAFF\" border=0>\n<tbody>\n<tr>\n<td>\n<div align=\"justify\">\n<div \"143\">Voici les annonces de la semaine sainte, du lundi 29 mars au dimanche 4 avril pour la paroisse des 3 clochers Cr\u00e9cy-la-Chapelle, Villiers-sur-Morin, Voulangis.<br \/>\nJeudi saint 1er avril : sainte-c\u00e8ne \u00e0\u00a0 Cr\u00e9cy.<br \/>\nVendredi saint : chemin de croix dans chacun des 3 villages et c\u00e9l\u00e9bration de la passion \u00e0\u00a0 Cr\u00e9cy.<br \/>\nSamedi : veill\u00e9e pascale \u00e0\u00a0 Cr\u00e9cy. Dimanche : messe de P\u00e2ques \u00e0\u00a0 Villiers.<br \/>\nTout le programme d\u00e9taill\u00e9 dans la suite &#8230; <a><br \/> \n<\/div>\n<\/td>\n<\/tr>\n<\/tbody>\n<\/table>\n<table bgcolor =\"F0F6FF\" border=0>\n<tbody>\n<tr>\n<td width=150><font color=\"0020FF\">Lundi 29 mars<\/font><\/td>\n<td><font color=\"0020FF\">17 h &#8211; C\u00e9l\u00e9bration \u00e0 la Maison de Retraite.<br \/><\/font><\/td>\n<td><font color=\"0020FF\">20 h 30 &#8211;  R\u00e9union des permanents de l&rsquo;Accueil au Presbyt\u00e8re.<\/font><\/td>\n<\/tr>\n<tr>\n<td>\n<div align=\"center\"><img decoding=\"async\" src=\"\/IMG\/gif\/lumiere_65.gif\"><\/div>\n<\/td>\n<td width=150><font color=\"00CC00\">Mardi 30 mars<\/font><\/td>\n<td><font color=\"00CC00\">18 h &#8211; Messe \u00e0 Cr\u00e9cy pour Franck et Micheline ANSELL.<\/font><\/td>\n<\/tr>\n<tr>\n<td><font color=\"CC20AA\">Mercredi 31 mars<\/font><\/td>\n<td><font color=\"CC20AA\">20 h &#8211;  Messe Chrismale \u00e0 la Cath\u00e9drale de Meaux.<fonT><\/td>\n<td><font color=\"CC20AA\"><\/p>\n<div align=\"center\"><img decoding=\"async\" src=\"\/IMG\/gif\/bibles004.gif\" ><\/div>\n<p><\/fonT><\/td>\n<\/tr>\n<tr>\n<td><font color=\"00CC00\">Jeudi 1 avril.<\/font><\/td>\n<td><font color=\"00CC00\"><\/p>\n<div align=\"center\"><img decoding=\"async\" src=\"\/IMG\/gif\/cross.gif\" ><\/font><\/td>\n<td><font color=\"00CC00\">20 h 30 &#8211; Sainte C\u00e8ne \u00e0 Cr\u00e9cy.<\/font><\/td>\n<\/tr>\n<tr>\n<td><font color=\"0020FF\">Vendredi 2 avril<\/font><\/td>\n<td><font color=\"0020FF\"> 11  h &#8211; Chemin de Croix \u00e0 Voulangis.<br \/>\n15 h &#8211; Chemin de Croix \u00e0 Villiers.<br \/>\n17 h &#8211; Chemin de Croix \u00e0 Cr\u00e9cy.<\/font><\/td>\n<td><font color=\"0020FF\">19 h 30  R\u00e9union de l&rsquo;\u00e9quipe de Pr\u00e9paration au Mariage.<br \/>\n20 h 30  C\u00e9l\u00e9bration de la Passion.<\/font><\/td>\n<\/tr>\n<tr>\n<td><font color=\"CC20AA\">Samedi 3 avril<\/font><\/td>\n<td><font color=\"CC20AA\">10 h \u00e0 11 h 30  R\u00e9union de l&rsquo;\u00e9quipe MEJ des Jeunes T\u00e9moins.<br \/>16 h \u00e0 17 h 30  R\u00e9union de l&rsquo;\u00e9quipe MEJ des \u00ab T\u00e9moins d&rsquo;aujourd&rsquo;hui \u00bb.<\/font><\/td>\n<td><font color=\"CC20AA\">20 h 30 &#8211; VEILLEE PASCALE  \u00e0 CRECY.<\/font><\/td>\n<\/tr>\n<tr>\n<td><font color=\"00CC00\">Dimanche 4 avril.<\/font><\/td>\n<td><font color=\"00CC00\">10 h 30  Messe du jour de P\u00e2ques \u00e0 VILLIERS.<br \/>\nNous prierons pour tous les d\u00e9funts de nos paroisses, avec une intention particuli\u00e8re pour Jos\u00e9 LOPEZ et Marie-Th\u00e9r\u00e8se DOMISE inhum\u00e9s cette semaine.<\/font><\/td>\n<td><font color=\"00CC00\">11 h 45 &#8211; \u00e0 l&rsquo;issue de la Messe,  Bapt\u00eame de Louis ELY.<\/font><\/td>\n<\/tr>\n<\/tbody>\n<\/table>\n","protected":false},"excerpt":{"rendered":"<p>Voici les annonces de la semaine sainte, du lundi 29 mars au dimanche 4 avril pour la paroisse des 3 clochers Cr\u00e9cy-la-Chapelle, Villiers-sur-Morin, Voulangis. Jeudi saint 1er avril : sainte-c\u00e8ne \u00e0\u00a0 Cr\u00e9cy. Vendredi saint&#46;&#46;&#46;<\/p>\n","protected":false},"author":2,"featured_media":0,"comment_status":"open","ping_status":"open","sticky":false,"template":"","format":"standard","meta":{"footnotes":""},"categories":[],"tags":[],"class_list":["post-225","post","type-post","status-publish","format-standard","hentry"],"_links":{"self":[{"href":"http:\/\/www.chapelle-crecy.com\/index.php?rest_route=\/wp\/v2\/posts\/225","targetHints":{"allow":["GET"]}}],"collection":[{"href":"http:\/\/www.chapelle-crecy.com\/index.php?rest_route=\/wp\/v2\/posts"}],"about":[{"href":"http:\/\/www.chapelle-crecy.com\/index.php?rest_route=\/wp\/v2\/types\/post"}],"author":[{"embeddable":true,"href":"http:\/\/www.chapelle-crecy.com\/index.php?rest_route=\/wp\/v2\/users\/2"}],"replies":[{"embeddable":true,"href":"http:\/\/www.chapelle-crecy.com\/index.php?rest_route=%2Fwp%2Fv2%2Fcomments&post=225"}],"version-history":[{"count":0,"href":"http:\/\/www.chapelle-crecy.com\/index.php?rest_route=\/wp\/v2\/posts\/225\/revisions"}],"wp:attachment":[{"href":"http:\/\/www.chapelle-crecy.com\/index.php?rest_route=%2Fwp%2Fv2%2Fmedia&parent=225"}],"wp:term":[{"taxonomy":"category","embeddable":true,"href":"http:\/\/www.chapelle-crecy.com\/index.php?rest_route=%2Fwp%2Fv2%2Fcategories&post=225"},{"taxonomy":"post_tag","embeddable":true,"href":"http:\/\/www.chapelle-crecy.com\/index.php?rest_route=%2Fwp%2Fv2%2Ftags&post=225"}],"curies":[{"name":"wp","href":"https:\/\/api.w.org\/{rel}","templated":true}]}}