{"id":226,"date":"2010-03-29T22:00:00","date_gmt":"2010-03-29T22:00:00","guid":{"rendered":""},"modified":"-0001-11-30T00:00:00","modified_gmt":"-0001-11-29T22:00:00","slug":"","status":"publish","type":"post","link":"http:\/\/www.chapelle-crecy.com\/?p=226","title":{"rendered":"Bonne Semaine Sainte bonne mont\u00e9e vers P\u00e2ques!"},"content":{"rendered":"<table bgcolor =\"F0FAFF\" border=0>\n<tbody>\n<tr>\n<td>\n<div align=\"justify\">\n<div \"144\">\n<div align=\"justify\">Avec la grande messe des Rameaux que nous avons v\u00e9cue en ce 28 mars 2010, le Car\u00eame touche \u00e0\u00a0 sa fin. Voici que s&rsquo;ouvre la Semaine Sainte. Avec J\u00e9sus, nous prendrons la route de la longue mont\u00e9e vers J\u00e9rusalem (c&rsquo;est \u00e0\u00a0 dire l&rsquo;entr\u00e9e de J\u00e9sus dans son Eglise), pour vivre \u00e0\u00a0 ses c t\u00e9s les grands moments de Sa Passion. Par la magnifique Liturgie de l&rsquo;Eglise cette Semaine, nous sommes invit\u00e9s \u00e0\u00a0 vivre profond\u00e9ment tous les Offices de la Semaine Sainte. Rappelons ici l&rsquo;importance et la signification de ces belles c\u00e9l\u00e9brations \u00e0\u00a0 ne manquer sous aucun pr\u00e9texte.<\/div>\n<\/div>\n<\/td>\n<\/tr>\n<\/tbody>\n<\/table>\n<div align=\"center\"><img decoding=\"async\" src=\"\/IMG\/jpg\/rameaux.jpg\" width=\"350\"><\/div>\n<div align=\"justify\">\n Mercredi 31 mars, \u00e0 20h00 \u00e0 la Cath\u00e9drale de Meaux : comme chaque ann\u00e9e, la messe chrismale sera c\u00e9l\u00e9br\u00e9e par l&rsquo;\u00e9v\u00eaque qui est entour\u00e9 des pr\u00eatres de son dioc\u00e8se. Monseigneur Albert Marie de Monl\u00e9on consacrera le saint-chr\u00eame (huile sainte parfum\u00e9e) qui sera ensuite utilis\u00e9 pour c\u00e9l\u00e9brer les bapt\u00eames, confirmations et ordinations sacerdotales. Il b\u00e9nira aussi l&rsquo;huile des malades  (pour le sacrement des malades)  et l&rsquo;huile des cat\u00e9chum\u00e8nes, destin\u00e9e \u00e0 soutenir ceux qui recevront le bapt\u00eame.<\/p>\n<div align=\"center\"><img decoding=\"async\" src=\"\/IMG\/jpg\/jeudi_saint.jpg\" width=\"350\"><\/div>\n<p> Jeudi 1er avril \u00e0 20h30 \u00e0 Cr\u00e9cy : c\u00e9l\u00e9bration de la Sainte C\u00e8ne<br \/>\n Le soir du Jeudi Saint, J\u00e9sus-Christ institue l&rsquo;Eucharistie et le Sacerdoce (les Pr\u00eatres). C&rsquo;est donc un jour de grande f\u00eate pour tous les pr\u00eatres du monde. Pensez ce jour-l\u00e0 \u00e0 souhaiter une bonne f\u00eate au P\u00e8re Aim\u00e9, pensez ce jour-l\u00e0 \u00e0 remercier vos pr\u00eatres pour ce qu&rsquo;ils sont, pour leur vie qu&rsquo;ils ont offerte \u00e0 Dieu, pour le Seigneur qu&rsquo;ils vous donnent en permanence par les sacrements de l&rsquo;Eglise. Au cours de cette c\u00e9r\u00e9monie, nous serons \u00e9galement invit\u00e9s \u00e0 reprendre un autre signe de l&rsquo;amour \u00ab jusqu&rsquo;au bout \u00bb de J\u00e9sus-Christ: le lavement des pieds. A la mani\u00e8re de J\u00e9sus, le P\u00e8re Aim\u00e9 lavera les pieds \u00e0 douze personnes. Cette ann\u00e9e, la Sainte C\u00e8ne sera c\u00e9l\u00e9br\u00e9e sur une grande table pr\u00e9par\u00e9e par les enfants du MEJ et qui sera dress\u00e9e au milieu de l&rsquo;\u00e9glise St Georges.<\/p>\n<div align=\"center\"><img decoding=\"async\" src=\"\/IMG\/jpg\/DSC04263.jpg\" width=\"350\"><\/div>\n<p> <\/p>\n<div align=\"center\"><img decoding=\"async\" src=\"\/IMG\/jpg\/DSC04271.jpg\" width=\"350\"><\/div>\n<p> Vendredi 2 avril : J\u00e9sus porte sa croix<br \/>\n&#8211; Chemin de croix \u00e0 Cr\u00e9cy-Villiers-Voulangis (voir horaires de la semaine)<br \/>\n&#8211; Grand Chemin de Croix exceptionnel \u00e0 Meaux, de 18h \u00e0 20h, de St Jean Bosco (Beauval) \u00e0 la Cath\u00e9drale St Etienne sur un parcours de 3 km environ, ponctu\u00e9 de pri\u00e8res et de m\u00e9ditations.<\/p>\n<p> Vendredi Saint \u00e0 Cr\u00e9cy, \u00e0 20h30 : office de la Passion du Seigneur<br \/>\n L&rsquo;heure est venue. Nous sommes rassembl\u00e9s pour suivre le Christ qui meurt pour nous, sur la Croix. Au cours de la c\u00e9r\u00e9monie (ce n&rsquo;est pas une messe), comme tous les vendredis saints, nous lisons et m\u00e9ditons en silence la lecture de la Passion de notre Seigneur J\u00e9sus-Christ selon Saint Jean.<\/p>\n<div align=\"center\"><img decoding=\"async\" src=\"\/IMG\/jpg\/vendredi3.jpg\" width=350><br \/>\n<img decoding=\"async\" src=\"\/IMG\/jpg\/vendredi1.jpg\" width=350><\/div>\n<p> Samedi 3 avril: le Christ descend aux enfers pour y chercher le premier homme et tous ceux qui, dans l&rsquo;ancien Testament, ont mis leur foi en Dieu.<br \/>\n Le Samedi Saint est charg\u00e9 d&rsquo;esp\u00e9rance. Nous savons que J\u00e9sus ne restera pas au tombeau , mais qu&rsquo;il ressuscitera. Nous attendons la Nuit Sainte de sa R\u00e9surrection. Alors \u00e9clatera la joie de P\u00e2ques, joie qui d\u00e9bordera en sept semaines de f\u00eate, jusqu&rsquo;au cinquanti\u00e8me jour o\u00f9 nous c\u00e9l\u00e8brerons la Pentec\u00f4te.<\/p>\n<div align=\"center\"><img decoding=\"async\" src=\"\/IMG\/jpg\/feu2.jpg\" width=\"350\"><\/div>\n<p> Veill\u00e9e Pascale \u00e0 Cr\u00e9cy \u00e0 20h30 : nous veillons dans la nuit pour accueillir la lumi\u00e8re.<br \/>\n Au cours de cette magnifique c\u00e9r\u00e9monie, Mickael, cat\u00e9chum\u00e8ne \u00e0 Cr\u00e9cy, au coeur de notre communaut\u00e9 paroissiale (qui renouvellera l&rsquo;engagement de son bapt\u00eame,) sera baptis\u00e9. Avec lui, nous serons replong\u00e9s au coeur de notre foi et nous allons alors renouveler notre engagement baptismal en cette sainte nuit !<\/p>\n<div align=\"center\"><img decoding=\"async\" src=\"\/IMG\/jpg\/mickael.jpg\" width=\"350\"><\/div>\n<p>Dimanche 4 avril \u00e0 10h30 \u00e0 Villiers: Dimanche de la R\u00e9surrection<br \/>\n Le Christ est ressuscit\u00e9 des morts ! All\u00e9luia ! Sa R\u00e9surrection annonce notre propre r\u00e9surrection. F\u00eater P\u00e2ques, c&rsquo;est croire que J\u00e9sus-Christ est vivant et nous appelle \u00e0 \u00eatre des vivants. Tous les Eglises chr\u00e9tiennes (anglicane, baptiste, catholique, luth\u00e9rienne, orthodoxe et r\u00e9form\u00e9e) de la r\u00e9gion meldoise sont invit\u00e9es \u00e0 se rassembler \u00e0 9h30 sur le parvis de la cath\u00e9drale pour proclamer tous ensemble :  <\/p>\n<div align=\"center\"><img decoding=\"async\" src=\"\/IMG\/jpg\/logopaques2010.jpg\"><\/div>\n<div align=\"center\">\n Christ est ressuscit\u00e9 !<\/p>\n<p>J\u00e9sus poussa un cri et rendit le souffle.<br \/>\n Le voile du sanctuaire se d\u00e9chira de haut en bas.<br \/>\n Un des soldats, de sa lance, lui per\u00e7a le c\u00f4t\u00e9<br \/>\n Et il en jaillit du sang et de l&rsquo;eau.<br \/>\n Mais au matin du troisi\u00e8me jour,<br \/>\n La pierre du tombeau a \u00e9t\u00e9 roul\u00e9e,<br \/>\n Il est vivant : All\u00e9luia !\n<\/p><\/div>\n<\/div>\n<p>Nota : l&rsquo;article a \u00e9t\u00e9 compl\u00e9t\u00e9 au fur et \u00e0 mesure avec les photos des \u00e9v\u00e9nements en temps r\u00e9el.<\/p>\n","protected":false},"excerpt":{"rendered":"<p>Avec la grande messe des Rameaux que nous avons v\u00e9cue en ce 28 mars 2010, le Car\u00eame touche \u00e0\u00a0 sa fin. Voici que s&rsquo;ouvre la Semaine Sainte. Avec J\u00e9sus, nous prendrons la route de&#46;&#46;&#46;<\/p>\n","protected":false},"author":2,"featured_media":0,"comment_status":"open","ping_status":"open","sticky":false,"template":"","format":"standard","meta":{"footnotes":""},"categories":[],"tags":[],"class_list":["post-226","post","type-post","status-publish","format-standard","hentry"],"_links":{"self":[{"href":"http:\/\/www.chapelle-crecy.com\/index.php?rest_route=\/wp\/v2\/posts\/226","targetHints":{"allow":["GET"]}}],"collection":[{"href":"http:\/\/www.chapelle-crecy.com\/index.php?rest_route=\/wp\/v2\/posts"}],"about":[{"href":"http:\/\/www.chapelle-crecy.com\/index.php?rest_route=\/wp\/v2\/types\/post"}],"author":[{"embeddable":true,"href":"http:\/\/www.chapelle-crecy.com\/index.php?rest_route=\/wp\/v2\/users\/2"}],"replies":[{"embeddable":true,"href":"http:\/\/www.chapelle-crecy.com\/index.php?rest_route=%2Fwp%2Fv2%2Fcomments&post=226"}],"version-history":[{"count":0,"href":"http:\/\/www.chapelle-crecy.com\/index.php?rest_route=\/wp\/v2\/posts\/226\/revisions"}],"wp:attachment":[{"href":"http:\/\/www.chapelle-crecy.com\/index.php?rest_route=%2Fwp%2Fv2%2Fmedia&parent=226"}],"wp:term":[{"taxonomy":"category","embeddable":true,"href":"http:\/\/www.chapelle-crecy.com\/index.php?rest_route=%2Fwp%2Fv2%2Fcategories&post=226"},{"taxonomy":"post_tag","embeddable":true,"href":"http:\/\/www.chapelle-crecy.com\/index.php?rest_route=%2Fwp%2Fv2%2Ftags&post=226"}],"curies":[{"name":"wp","href":"https:\/\/api.w.org\/{rel}","templated":true}]}}