{"id":228,"date":"2010-03-31T17:20:00","date_gmt":"2010-03-31T17:20:00","guid":{"rendered":""},"modified":"-0001-11-30T00:00:00","modified_gmt":"-0001-11-29T22:00:00","slug":"","status":"publish","type":"post","link":"http:\/\/www.chapelle-crecy.com\/?p=228","title":{"rendered":"Seigneur pardonne-nous nos offenses"},"content":{"rendered":"<table bgcolor =\"F0FAFF\" border=0>\n<tbody>\n<tr>\n<td>\n<div align=\"justify\">\n<div \"146\">\n<div align=\"justify\">Dans le prochain Echo de la Vall\u00e9e n\u00b0252, vous d\u00e9couvrirez le dossier central du journal qui traite de la beaut\u00e9 des 3 sacrements de l&rsquo;initiation chr\u00e9tienne : le bapt\u00eame, le sacrement de la porte d&rsquo;entr\u00e9e dans l&rsquo;Eglise, l&rsquo;Eucharistie, le sacrement signe d&rsquo;amour par excellence, la confirmation, le sacrement qui nous fortifie par l&rsquo;Esprit et nous envoie en mission.<br \/>\nA l&rsquo;approche de la grande f\u00eate de P\u00e2ques, ces sacrements prennent un sens tout particulier au plus profond de notre coeur de chr\u00e9tien. Mais pour nous y pr\u00e9parer, l&rsquo;Eglise nous propose le sacrement de r\u00e9conciliation.<\/div>\n<\/div>\n<\/td>\n<\/tr>\n<\/tbody>\n<\/table>\n<div align=\"justify\"> Petit rappel sur la notion de p\u00e9ch\u00e9 : p\u00e9ch\u00e9s \u00ab v\u00e9niels \u00bb ou \u00ab mortels \u00bb ?<br \/>\n L&rsquo;Eglise distingue en fait depuis le Concile de Trente (1545-1563), les p\u00e9ch\u00e9s \u00ab mortels \u00bb des p\u00e9ch\u00e9s \u00ab v\u00e9niels \u00bb. Jean-Paul II, (dont nous f\u00eaterons le 2 avril le 5\u00e8me anniversaire de son retour vers le P\u00e8re) insistait d\u00e9j\u00e0 sur cette distinction qui, pour beaucoup de chr\u00e9tiens est d\u00e9pass\u00e9e. Les p\u00e9ch\u00e9s dits \u00ab mortels \u00bb sont ceux suffisamment graves qui d\u00e9truisent en nous la gr\u00e2ce et l&rsquo;oeuvre de Dieu et qui ne peuvent \u00eatre remis que dans le sacrement de R\u00e9conciliation. Les seconds dits \u00ab v\u00e9niels \u00bb ou l\u00e9gers ou quotidiens peuvent \u00eatre remis par le repentir sinc\u00e8re de celui qui les a commis et ne n\u00e9cessitent pas forc\u00e9ment de les confesser.<\/p>\n<p> L&rsquo;Eucharistie nous s\u00e9pare du p\u00e9ch\u00e9<br \/>\n Mais ce sont surtout les sacrements et en particulier l&rsquo;Eucharistie qui nous s\u00e9pare du p\u00e9ch\u00e9 en nous purifiant des p\u00e9ch\u00e9s commis et en nous pr\u00e9servant des p\u00e9ch\u00e9s futurs. Ainsi ce n&rsquo;est pas malgr\u00e9 nos p\u00e9ch\u00e9s quotidiens que nous pouvons communier mais nous avons besoin de communier pr\u00e9cis\u00e9ment \u00e0 cause d&rsquo;eux. Comme l&rsquo;\u00e9crit St Ambroise, \u00ab chaque fois que nous Le recevons (dans l&rsquo;Eucharistie), nous annon\u00e7ons la mort du Seigneur&rsquo; (1 Cor 11,26). Si nous annon\u00e7ons la mort du Seigneur, nous annon\u00e7ons la r\u00e9mission des p\u00e9ch\u00e9s. Si chaque fois que son Sang est r\u00e9pandu, il est r\u00e9pandu pour la r\u00e9mission des p\u00e9ch\u00e9s, je dois toujours Le recevoir, pour que toujours Il remette mes p\u00e9ch\u00e9s. Au d\u00e9but de la messe, quand nous r\u00e9citons le \u00ab Je confesse \u00e0 Dieu&#8230; \u00bb, nous nous rappelons que le sacrement de l&rsquo;Eucharistie nous purifie des p\u00e9ch\u00e9s quotidiens. En outre, comme chaque communion augmente en nous la charit\u00e9, elle contribue \u00e0 nous pr\u00e9server du p\u00e9ch\u00e9 mortel.<br \/>\n(Propos tir\u00e9s du site G\u00e9n\u00e9ration Jean-Paul II)<\/p>\n<p> Pendant la Semaine Sainte, de nombreuses possibilit\u00e9s de recevoir le pardon nous sont offertes.<br \/>\n Il y aurait beaucoup d&rsquo;avantages \u00e0 rappeler \u00e0 tous les croyants cette doctrine tr\u00e8s ancienne de l&rsquo;Eglise selon laquelle les p\u00e9ch\u00e9s mortels sont pardonn\u00e9s n\u00e9cessairement par le Christ \u00e0 travers le sacrement de r\u00e9conciliation, et que les p\u00e9ch\u00e9s v\u00e9niels peuvent \u00eatre remis de multiples fa\u00e7ons et en particulier par la communion au Corps du Christ. Pour avoir particip\u00e9 \u00e0 la f\u00eate du pardon \u00e0 St Jean Bosco samedi dernier, \u00e0 l&rsquo;issue de la confession, je peux vous t\u00e9moigner sinc\u00e8rement de la paix qui vous envahit dans votre intime et de cette joie d&rsquo;avoir le coeur touch\u00e9 par cet amour indicible qui vous gu\u00e9rit, qui vient d&rsquo;en haut et qui vous transforme.  N&rsquo;h\u00e9sitez pas \u00e0 contacter le pr\u00eatre de votre paroisse, il sera toujours pr\u00eat \u00e0 vous recevoir pour vous \u00e9couter.<br \/>\n Pour bien entrer dans le myst\u00e8re de P\u00e2ques, des confessions auront lieu ce samedi 3 avril au Vieux Chapitre \u00e0 Meaux de 16h \u00e0 18h.<\/p><\/div>\n<div align=\"center\"><img decoding=\"async\" src=\"\/IMG\/jpg\/fete_pardon.jpg\" width=550><\/div>\n<p> Seigneur, pardonne-nous nos offenses,<\/p>\n<p> Non pas \u00e0 la mesure de nos pauvres pardons<\/p>\n<p> Non pas comme nous avons l&rsquo;habitude  de pardonner<\/p>\n<p> Non pas \u00e0 l&rsquo;exemple de nos pardons mercenaires et int\u00e9ress\u00e9s<\/p>\n<p> Mais bien <\/p>\n<p> Pour d\u00e9couvrir  ta \u00ab douce  piti\u00e9 \u00bb<\/p>\n<p> Pour \u00e9prouver  ta \u00ab tendresse d\u00e9sarm\u00e9e \u00bb<\/p>\n<p> Pour apprendre nous aussi \u00e0 pardonner<\/p>\n<p> Pour pardonner \u00e0 ceux avec qui nous partageons le pain<\/p>\n<p> Pour ne pas tomber dans le d\u00e9sespoir de la honte<\/p>\n<p> Pour renoncer au d\u00e9sir orgueilleux de pardonner<\/p>\n<p> Pour d\u00e9masquer nos fausses droitures et indignations<\/p>\n<p> Pour pouvoir nous pardonner \u00e0 nous-m\u00eames<\/p>\n<p> Pour que nos pardons deviennent reflets du tien<\/p>\n<p> Seigneur, pardonne-nous nos offenses<\/p>\n","protected":false},"excerpt":{"rendered":"<p>Dans le prochain Echo de la Vall\u00e9e n\u00b0252, vous d\u00e9couvrirez le dossier central du journal qui traite de la beaut\u00e9 des 3 sacrements de l&rsquo;initiation chr\u00e9tienne : le bapt\u00eame, le sacrement de la porte&#46;&#46;&#46;<\/p>\n","protected":false},"author":2,"featured_media":0,"comment_status":"open","ping_status":"open","sticky":false,"template":"","format":"standard","meta":{"footnotes":""},"categories":[],"tags":[],"class_list":["post-228","post","type-post","status-publish","format-standard","hentry"],"_links":{"self":[{"href":"http:\/\/www.chapelle-crecy.com\/index.php?rest_route=\/wp\/v2\/posts\/228","targetHints":{"allow":["GET"]}}],"collection":[{"href":"http:\/\/www.chapelle-crecy.com\/index.php?rest_route=\/wp\/v2\/posts"}],"about":[{"href":"http:\/\/www.chapelle-crecy.com\/index.php?rest_route=\/wp\/v2\/types\/post"}],"author":[{"embeddable":true,"href":"http:\/\/www.chapelle-crecy.com\/index.php?rest_route=\/wp\/v2\/users\/2"}],"replies":[{"embeddable":true,"href":"http:\/\/www.chapelle-crecy.com\/index.php?rest_route=%2Fwp%2Fv2%2Fcomments&post=228"}],"version-history":[{"count":0,"href":"http:\/\/www.chapelle-crecy.com\/index.php?rest_route=\/wp\/v2\/posts\/228\/revisions"}],"wp:attachment":[{"href":"http:\/\/www.chapelle-crecy.com\/index.php?rest_route=%2Fwp%2Fv2%2Fmedia&parent=228"}],"wp:term":[{"taxonomy":"category","embeddable":true,"href":"http:\/\/www.chapelle-crecy.com\/index.php?rest_route=%2Fwp%2Fv2%2Fcategories&post=228"},{"taxonomy":"post_tag","embeddable":true,"href":"http:\/\/www.chapelle-crecy.com\/index.php?rest_route=%2Fwp%2Fv2%2Ftags&post=228"}],"curies":[{"name":"wp","href":"https:\/\/api.w.org\/{rel}","templated":true}]}}