{"id":229,"date":"2013-03-29T18:00:00","date_gmt":"2013-03-29T18:00:00","guid":{"rendered":""},"modified":"-0001-11-30T00:00:00","modified_gmt":"-0001-11-29T22:00:00","slug":"","status":"publish","type":"post","link":"http:\/\/www.chapelle-crecy.com\/?p=229","title":{"rendered":"Pourquoi mange-t-on du poisson le Vendredi Saint ?"},"content":{"rendered":"<table bgcolor =\"F0FAFF\" border=0>\n<tbody>\n<tr>\n<td>\n<div align=\"justify\">\n<div \"147\">Faire p\u00e9nitence, c&rsquo;est d\u00e9sirer du plus profond de son coeur se tourner vers Dieu, s&rsquo;ouvrir \u00e0\u00a0 la lumi\u00e8re du message de J\u00e9sus et d\u00e9sirer lui ressembler. Le temps du car\u00eame, comme le je\u00fbne du Vendredi Saint que nous propose l&rsquo;Eglise, sont un effort \u00e0\u00a0 faire pour nous purifier, c&rsquo;est-\u00e0\u00a0-dire \u00e9liminer ces graisses qui alourdissent notre esprit et qui nous emp\u00eachent de faire prendre son envol \u00e0\u00a0 notre vie spirituelle. Pour les catholiques du monde entier, la consommation du poisson (c&rsquo;est-\u00e0\u00a0-dire manger \u00ab maigre \u00bb) le vendredi, est rest\u00e9 une tradition vivante. J&rsquo;ai encore en m\u00e9moire la saveur de la morue que ma maman cuisinait pendant le car\u00eame <\/div>\n<\/div>\n<\/td>\n<\/tr>\n<\/tbody>\n<\/table>\n<div align=\"justify\">Cette recette pratiqu\u00e9e dans tout le Sud-Ouest est tr\u00e8s simple. Vous faites dessaler 1kg de morue une nuit dans l&rsquo;eau froide. Apr\u00e8s avoir \u00f4t\u00e9 la peau et les ar\u00eates, dans un po\u00ealon en terre, vous faites revenir les morceaux l\u00e9g\u00e8rement farin\u00e9s dans 2 cuiller\u00e9es \u00e0 soupe d&rsquo;huile d&rsquo;olive. Dans la m\u00eame huile, faites revenir 4 gousses d&rsquo;ail cisel\u00e9s et un petit bouquet de persil hach\u00e9. Laissez enfin cuire \u00e0 feu doux pendant 15 mn le poisson, l&rsquo;ail, le persil et servez bien chaud dans le po\u00ealon. <\/p>\n<p> Il y a bien d&rsquo;autres mani\u00e8res de je\u00fbner en ce jour o\u00f9 le Christ s&rsquo;est totalement offert \u00e0 nous pour nous relever de chacune des souffrances de nos vies: certains mangent une simple assiette de soupe ou un bol de riz. D&rsquo;autres pratiquent le je\u00fbne complet. Quoiqu&rsquo;il en soit, que cette asc\u00e8se (qui signifie en grec \u00ab exercice \u00bb, \u00ab entra \u00eenement \u00bb, \u00ab pratique \u00bb, \u00ab genre de vie \u00bb) soit v\u00e9cue librement comme une envie de changer notre conduite de vie, comme un appel \u00e0 la conversion.<br \/>\n\u00ab Changez votre vie ! \u00bb (Evangile selon Saint Matthieu,4,21)   <\/p>\n<p>Neuvaine \u00e0 la Divine Mis\u00e9ricorde  <\/p>\n<p> Le Vendredi Saint est un temps formidable pour la pri\u00e8re. En effet, commence aujourd&rsquo;hui, pour ceux qui souhaitent la vivre, la neuvaine \u00e0 la Divine Mis\u00e9ricorde.  La premi\u00e8re F\u00eate de la Divine Mis\u00e9ricorde pour toute l&rsquo;Eglise &#8211; institu\u00e9e par Jean-Paul II, le 30 avril 2000 \u00e0 l&rsquo;occasion de la canonisation de Soeur Faustine &#8211; a \u00e9t\u00e9 c\u00e9l\u00e9br\u00e9e le Dimanche 22 avril 2001. Elle est depuis c\u00e9l\u00e9br\u00e9e tous les ans, conform\u00e9ment aux demandes du Seigneur, le premier Dimanche apr\u00e8s P\u00e2ques.<\/p>\n<p> C&rsquo;est J\u00e9sus lui-m\u00eame qui ordonna \u00e0 Soeur Faustine d&rsquo;\u00e9crire cette Neuvaine et de la r\u00e9citer avant la F\u00eate de la Mis\u00e9ricorde, le 1er dimanche apr\u00e8s P\u00e2ques. On la commence le Vendredi Saint (\u00c2\u00a7 1208), donc cette ann\u00e9e 2010 le 2 Avril. Elle se terminera pour le dimanche de la mis\u00e9ricorde le 11 avril prochain. <\/p>\n<p> J\u00e9sus disait \u00e0 Soeur Faustine : \u00ab\u00a0Je d\u00e9sire que durant neuf jours, tu am\u00e8nes les \u00e2mes \u00e0 la source de ma Mis\u00e9ricorde afin qu&rsquo;elles y puisent force et fra \u00eecheur, ainsi que toutes les gr\u00e2ces dont elles ont besoin dans les difficult\u00e9s de la vie et surtout \u00e0 l&rsquo;heure de la mort. Chaque jour, tu am\u00e8neras \u00e0 mon Coeur un groupe diff\u00e9rent de ces \u00e2mes, et tu les plongeras dans l&rsquo;oc\u00e9an de ma Mis\u00e9ricorde. Moi, je ferai entrer toutes ces \u00e2mes dans la demeure de mon P\u00e8re. Tu feras cela dans cette vie et dans l&rsquo;autre. Je ne refuserai rien aux \u00e2mes que tu am\u00e8neras \u00e0 la source de ma Mis\u00e9ricorde. Chaque jour, par ma douloureuse Passion, tu solliciteras de mon P\u00e8re des gr\u00e2ces pour ces \u00e2mes.\u00a0\u00bb (Petit Journal, \u00c2\u00a7 1209) <\/p><\/div>\n<p> Vous trouverez ci-joint le mode d&#8217;emploi de la neuvaine. <\/p>\n<div align=\"center\"><img decoding=\"async\" src=\"\/IMG\/jpg\/vendredi.jpg\" width=300><\/div>\n","protected":false},"excerpt":{"rendered":"<p>Faire p\u00e9nitence, c&rsquo;est d\u00e9sirer du plus profond de son coeur se tourner vers Dieu, s&rsquo;ouvrir \u00e0\u00a0 la lumi\u00e8re du message de J\u00e9sus et d\u00e9sirer lui ressembler. Le temps du car\u00eame, comme le je\u00fbne du&#46;&#46;&#46;<\/p>\n","protected":false},"author":2,"featured_media":0,"comment_status":"open","ping_status":"open","sticky":false,"template":"","format":"standard","meta":{"footnotes":""},"categories":[],"tags":[],"class_list":["post-229","post","type-post","status-publish","format-standard","hentry"],"_links":{"self":[{"href":"http:\/\/www.chapelle-crecy.com\/index.php?rest_route=\/wp\/v2\/posts\/229","targetHints":{"allow":["GET"]}}],"collection":[{"href":"http:\/\/www.chapelle-crecy.com\/index.php?rest_route=\/wp\/v2\/posts"}],"about":[{"href":"http:\/\/www.chapelle-crecy.com\/index.php?rest_route=\/wp\/v2\/types\/post"}],"author":[{"embeddable":true,"href":"http:\/\/www.chapelle-crecy.com\/index.php?rest_route=\/wp\/v2\/users\/2"}],"replies":[{"embeddable":true,"href":"http:\/\/www.chapelle-crecy.com\/index.php?rest_route=%2Fwp%2Fv2%2Fcomments&post=229"}],"version-history":[{"count":0,"href":"http:\/\/www.chapelle-crecy.com\/index.php?rest_route=\/wp\/v2\/posts\/229\/revisions"}],"wp:attachment":[{"href":"http:\/\/www.chapelle-crecy.com\/index.php?rest_route=%2Fwp%2Fv2%2Fmedia&parent=229"}],"wp:term":[{"taxonomy":"category","embeddable":true,"href":"http:\/\/www.chapelle-crecy.com\/index.php?rest_route=%2Fwp%2Fv2%2Fcategories&post=229"},{"taxonomy":"post_tag","embeddable":true,"href":"http:\/\/www.chapelle-crecy.com\/index.php?rest_route=%2Fwp%2Fv2%2Ftags&post=229"}],"curies":[{"name":"wp","href":"https:\/\/api.w.org\/{rel}","templated":true}]}}