{"id":230,"date":"2010-04-04T12:00:00","date_gmt":"2010-04-04T12:00:00","guid":{"rendered":""},"modified":"-0001-11-30T00:00:00","modified_gmt":"-0001-11-29T22:00:00","slug":"","status":"publish","type":"post","link":"http:\/\/www.chapelle-crecy.com\/?p=230","title":{"rendered":"Annonces de la semaine du 05 au 11 avril 2010"},"content":{"rendered":"<table bgcolor =\"F0FAFF\" border=0>\n<tbody>\n<tr>\n<td>\n<div align=\"justify\">\n<div \"148\">Voici les annonces de la semaine du lundi 5 au dimanche 11 avril pour la paroisse des 3 clochers Cr\u00e9cy-la-Chapelle, Villiers-sur-Morin, Voulangis.<br \/>\nSamedi 10 : messe \u00e0\u00a0 Voulangis.<br \/>\nDimanche 11 : messe \u00e0\u00a0 Crecy.<br \/>\nTout le programme d\u00e9taill\u00e9 dans la suite &#8230; <a><br \/> \n<\/div>\n<\/td>\n<\/tr>\n<\/tbody>\n<\/table>\n<table bgcolor =\"F0F6FF\" border=0>\n<tbody>\n<tr>\n<td width=150><font color=\"0020FF\">Lundi 5 avril<\/font><\/td>\n<td><font color=\"0020FF\">17 h &#8211; Messe \u00e0 la Maison de Retraite  pour Lucien GROULT<\/font><\/td>\n<td><font color=\"0020FF\"><\/p>\n<div align=\"center\"><img decoding=\"async\" src=\"\/IMG\/gif\/lumiere_65.gif\"  ><\/div>\n<p><\/font><\/td>\n<\/tr>\n<tr>\n<td>\n<div align=\"center\"><img decoding=\"async\" src=\"\/IMG\/lieux\/stgeorges01.jpg\" width=150><\/div>\n<\/td>\n<td width=150><font color=\"00CC00\">Mardi 6 avril<\/font><\/td>\n<td><font color=\"00CC00\">9h  Messe \u00e0 Cr\u00e9cy pour. Robert LORENTE et Jacques  GALLIATH.<\/font><\/td>\n<\/tr>\n<tr>\n<td><font color=\"CC20AA\">Mercredi 7 avril<\/font><\/td>\n<td><font color=\"CC20AA\">18 h &#8211; Messe \u00e0 Cr\u00e9cy pour Pierre PERRIER.<fonT><\/td>\n<td><font color=\"CC20AA\"><\/p>\n<div align=\"center\"><img decoding=\"async\" src=\"\/IMG\/gif\/bibles004.gif\" ><\/div>\n<p><\/fonT><\/td>\n<\/tr>\n<tr>\n<td><font color=\"00CC00\">Jeudi 8 avril<\/font><\/td>\n<td><font color=\"00CC00\"><\/p>\n<div align=\"center\"><img decoding=\"async\" src=\"\/IMG\/gif\/cross.gif\" ><\/font><\/td>\n<td><font color=\"00CC00\">14 h 30 R\u00e9union de  LOURDES-CANCER-ESPERANCE.<br \/>18 h 30 &#8211; Messe \u00e0 Cr\u00e9cy pour Ren\u00e9 et Lucienne CHARPIGNON<\/font><\/td>\n<\/tr>\n<tr>\n<td><font color=\"0020FF\">Vendredi 9 avril<\/font><\/td>\n<td><font color=\"0020FF\"> de  17 h 30 \u00e0 19 h &#8211;  R\u00e9union de l \u00e2\u20ac\u02dc\u00e9quipe MEJ  \u00ab Jeunes T\u00e9moins \u00bb.<\/font><\/td>\n<td><font color=\"0020FF\">18 h  Messe \u00e0 Cr\u00e9cy pour Rina CARPANEDO et Yvonne LIEVIN.<\/font><\/td>\n<\/tr>\n<tr>\n<td><font color=\"CC20AA\">Samedi 10 avril<\/font><\/td>\n<td><font color=\"CC20AA\">18 h 30  Messe \u00e0 Voulangis pour  Josiane MARTIN et Philippe WAVRANT.<br \/><\/font><\/td>\n<td><font color=\"CC20AA\">Ce samedi, l&rsquo;\u00e9glise St Georges sera ouverte de 14 \u00e0 17 heures.<\/font><\/td>\n<\/tr>\n<tr>\n<td><font color=\"00CC00\">Dimanche 11 avril.<\/font><\/td>\n<td><font color=\"00CC00\">Journ\u00e9e des  \u00e9quipes \u00ab T\u00e9moins d&rsquo;Aujourd&rsquo;hui\u00bb du MEJ \u00e0 Clamart.<\/font><\/td>\n<td><font color=\"00CC00\">10 h 30 &#8211; Messe \u00e0 Cr\u00e9cy pour Serge LECLERC.<\/font><\/td>\n<\/tr>\n<\/tbody>\n<\/table>\n","protected":false},"excerpt":{"rendered":"<p>Voici les annonces de la semaine du lundi 5 au dimanche 11 avril pour la paroisse des 3 clochers Cr\u00e9cy-la-Chapelle, Villiers-sur-Morin, Voulangis. Samedi 10 : messe \u00e0\u00a0 Voulangis. Dimanche 11 : messe \u00e0\u00a0 Crecy.&#46;&#46;&#46;<\/p>\n","protected":false},"author":2,"featured_media":0,"comment_status":"open","ping_status":"open","sticky":false,"template":"","format":"standard","meta":{"footnotes":""},"categories":[],"tags":[],"class_list":["post-230","post","type-post","status-publish","format-standard","hentry"],"_links":{"self":[{"href":"http:\/\/www.chapelle-crecy.com\/index.php?rest_route=\/wp\/v2\/posts\/230","targetHints":{"allow":["GET"]}}],"collection":[{"href":"http:\/\/www.chapelle-crecy.com\/index.php?rest_route=\/wp\/v2\/posts"}],"about":[{"href":"http:\/\/www.chapelle-crecy.com\/index.php?rest_route=\/wp\/v2\/types\/post"}],"author":[{"embeddable":true,"href":"http:\/\/www.chapelle-crecy.com\/index.php?rest_route=\/wp\/v2\/users\/2"}],"replies":[{"embeddable":true,"href":"http:\/\/www.chapelle-crecy.com\/index.php?rest_route=%2Fwp%2Fv2%2Fcomments&post=230"}],"version-history":[{"count":0,"href":"http:\/\/www.chapelle-crecy.com\/index.php?rest_route=\/wp\/v2\/posts\/230\/revisions"}],"wp:attachment":[{"href":"http:\/\/www.chapelle-crecy.com\/index.php?rest_route=%2Fwp%2Fv2%2Fmedia&parent=230"}],"wp:term":[{"taxonomy":"category","embeddable":true,"href":"http:\/\/www.chapelle-crecy.com\/index.php?rest_route=%2Fwp%2Fv2%2Fcategories&post=230"},{"taxonomy":"post_tag","embeddable":true,"href":"http:\/\/www.chapelle-crecy.com\/index.php?rest_route=%2Fwp%2Fv2%2Ftags&post=230"}],"curies":[{"name":"wp","href":"https:\/\/api.w.org\/{rel}","templated":true}]}}