{"id":231,"date":"2010-04-05T10:58:48","date_gmt":"2010-04-05T10:58:48","guid":{"rendered":""},"modified":"-0001-11-30T00:00:00","modified_gmt":"-0001-11-29T22:00:00","slug":"","status":"publish","type":"post","link":"http:\/\/www.chapelle-crecy.com\/?p=231","title":{"rendered":"La joie d&rsquo;un nouveau baptis\u00e9 \u00e0\u00a0 P\u00e2ques"},"content":{"rendered":"<table bgcolor =\"F0FAFF\" border=0>\n<tbody>\n<tr>\n<td>\n<div align=\"justify\">\n<div \"149\">Micka\u00f6l est heureux! Pendant la veill\u00e9e pascale, au terme d&rsquo;une magnifique c\u00e9r\u00e9monie conc\u00e9l\u00e9br\u00e9e par 3 pr\u00eatres, o\u00f9 il a re\u00e7u les 3 sacrements de l&rsquo;initiation chr\u00e9tienne, c&rsquo;est-\u00e0\u00a0-dire le bapt\u00eame, la confirmation et le sacrement de l&rsquo;Eucharistie, Micka\u00f6l est combl\u00e9. Il a rejoint avec joie et \u00e9motion la communaut\u00e9 des chr\u00e9tiens. Voil\u00e0\u00a0 ce qu&rsquo;il nous confiait alors qu&rsquo;il se pr\u00e9parait \u00e0\u00a0 ce grand \u00e9v\u00e8nement.<\/div>\n<\/div>\n<\/td>\n<\/tr>\n<\/tbody>\n<\/table>\n<div align=\"justify\">Pourrais-tu te pr\u00e9senter pour nos lecteurs?<\/p>\n<p> Et bien je me pr\u00e9nomme Micka\u00ebl, j&rsquo;ai 25 ans. Cela fait 2 ans que je vis a Cr\u00e9cy-la-chapelle. Je travaille pour une filiale de la poste appel\u00e9 DOCAPOST.<\/p>\n<p> Quel \u00e9v\u00e8nement ou quelle rencontre t&rsquo;a d\u00e9cid\u00e9 \u00e0 demander le bapt\u00eame ?<\/p>\n<p> J&rsquo;ai demand\u00e9 le bapt\u00eame suite \u00e0 la naissance de mon neveu Mathys. Mon grand fr\u00e8re m&rsquo;a propos\u00e9 de devenir parrain et n&rsquo;\u00e9tant pas baptis\u00e9 je me suis renseign\u00e9 sur les d\u00e9marches \u00e0 suivre et me voil\u00e0 maintenant un futur baptis\u00e9. J&rsquo;aurai pu aussi bien \u00eatre juste t\u00e9moin, mais mon grand fr\u00e8re voulait absolument que je devienne parrain.<\/p>\n<p> Comment s&rsquo;est pass\u00e9 ta pr\u00e9paration au bapt\u00eame ?<\/p>\n<p> Pour se pr\u00e9parer au bapt\u00eame, il faut participer au \u00ab\u00a0cat\u00e9chum\u00e9nat\u00a0\u00bb. C&rsquo;est le nom que l&rsquo;on donne \u00e0 la pr\u00e9paration au bapt\u00eame des adultes.  Pour participer au cat\u00e9chum\u00e9nat, on peut s&rsquo;adresser \u00e0 un pr\u00eatre ou au secr\u00e9tariat de la paroisse.<br \/>\n La d\u00e9marche comporte plusieurs points forts : l&rsquo;accueil de la parole de Dieu, la pri\u00e8re personnelle et communautaire. Elle conduit \u00e0 la conversion c&rsquo;est-\u00e0-dire \u00e0 changer sa vie pour vivre en chr\u00e9tien.<br \/>\nCette d\u00e9marche ne se fait pas seul, elle est soutenue d&rsquo;abord par un \u00ab\u00a0accompagnateur\u00a0\u00bb que l&rsquo;on rencontre r\u00e9guli\u00e8rement. Celui-ci apporte au cat\u00e9chum\u00e8ne une cat\u00e9ch\u00e8se,  une r\u00e9flexion doctrinale, un partage de vie et un lien avec la communaut\u00e9 chr\u00e9tienne.<br \/>\n Elle est soutenue aussi par la participation \u00e0 un groupe cat\u00e9chum\u00e9nal compos\u00e9 de cat\u00e9chum\u00e8nes et d&rsquo;accompagnateurs. Ce groupe est un lieu de partage de la parole de Dieu, un temps d&rsquo;expression libre. C&rsquo;est aussi un moyen de trouver sa place et de s&rsquo;enraciner dans l&rsquo;Eglise.<br \/>\nParticiper au cat\u00e9chum\u00e9nat est une d\u00e9marche exigeante, mais qui est source de joie tant pour les int\u00e9ress\u00e9s que pour la communaut\u00e9 qui les entoure. Ceux qui se mettent en marche vers le bapt\u00eame d\u00e9couvrent qu&rsquo;ils ne sont pas seuls sur ce chemin d&rsquo;esp\u00e9rance. La rencontre r\u00e9guli\u00e8re avec son accompagnateur est un temps fort d&rsquo;amiti\u00e9 et de partage.<br \/>\n Les cat\u00e9chum\u00e8nes p\u00e9n\u00e8trent la Bonne nouvelle de J\u00e9sus Christ : \u00ab\u00a0le cat\u00e9chum\u00e9nat m&rsquo;a rapproch\u00e9 de Dieu. J&rsquo;ai appris \u00e0 conna \u00eetre la grandeur de son amour.\u00a0\u00bb<\/p>\n<p> Que t&rsquo;apportent l&rsquo;enseignement de J\u00e9sus, la relation \u00e0 Dieu dans la pri\u00e8re et la vie en Eglise dans ta vie de tous le jours ?<\/p>\n<p> L&rsquo;enseignement de J\u00e9sus m&rsquo;apporte un bonheur qui me manquait, gr\u00e2ce \u00e0 ceci j&rsquo;ai chang\u00e9 radicalement sur le point de vue des gens qui m&rsquo;entoure quotidiennement. La possibilit\u00e9 de pardonner aux personnes qui nous font du mal.<\/p>\n<p> Que repr\u00e9sente cette d\u00e9marche pour toi ?<\/p>\n<p> Cette d\u00e9marche repr\u00e9sente un acte d&rsquo;amour envers mon grand fr\u00e8re et ma belle soeur. Le fait de m&rsquo;avoir choisi comme parrain sachant que je n&rsquo;\u00e9tais pas baptis\u00e9, repr\u00e9sente pour moi une confiance \u00e9norme qu&rsquo;ils peuvent avoir et surtout de l&rsquo;Amour.<\/p>\n<p> Merci Micka\u00ebl pour ce beau t\u00e9moignage. Mais revenons avec Evelyne, son accompagnatrice, sur son parcours de pr\u00e9paration au bapt\u00eame: <\/p>\n<p> Apr\u00e8s un parcours de deux ans, notre cat\u00e9chum\u00e8ne Micka\u00ebl est arriv\u00e9 dans la derni\u00e8re phase de pr\u00e9paration. Les trois dimanches (ou scrutin pour Micka\u00ebl) qui ont pr\u00e9c\u00e9d\u00e9 la veill\u00e9e pascale, nous avons pri\u00e9 tous ENSEMBLE, le pr\u00eatre avec toute la communaut\u00e9, pour qu&rsquo;il soit b\u00e9ni, pour qu&rsquo;il soit fort devant les attaques du Malin (le Tentateur), tr\u00e8s m\u00e9content de voir un \u00eatre d\u00e9sirer devenir enfant de Dieu. Le mot \u00ab\u00a0scrutin\u00a0\u00bb fait \u00e9cho au psaume 138: \u00ab\u00a0scrute- moi, Seigneur connais mon coeur \u00ab\u00a0.<br \/>\n C&rsquo;est un temps o\u00f9 les liens se resserrent entre Dieu et le futur baptis\u00e9. Dieu scrute son coeur et ses intentions et, ensemble nous prions et nous nous laissons enseigner gr\u00e2ce \u00e0 la m\u00e9ditation de trois \u00e9vangiles tr\u00e8s porteurs : la Samaritaine, l&rsquo;Aveugle-n\u00e9 et la r\u00e9surrection de Lazare. Avec Micka\u00ebl nous avons rev\u00e9cu notre chemin de conversion, pendant tout le temps du car\u00eame qui vient de s&rsquo;\u00e9couler. La liturgie nous a offert cette d\u00e9marche bien utile et tr\u00e8s profonde. Et, en cette nuit de P\u00e2ques, Micka\u00ebl, entour\u00e9 de sa famille, a re\u00e7u la gr\u00e2ce du bapt\u00eame.<\/p>\n<p> Micka\u00ebl, ta route n&rsquo;est pas termin\u00e9e! Maintenant, sache que toute la communaut\u00e9 est avec toi pour t&rsquo;aider \u00e0 pers\u00e9v\u00e9rer dans ta recherche de la foi. Toute la communaut\u00e9 paroissiale de Cr\u00e9cy t&rsquo;adresse sa sympathie et te souhaite, ainsi qu&rsquo;\u00e0 toute ta famille de belles f\u00eates de P\u00e2ques.<\/p>\n<p> Christ est Vivant ! Il est vraiment ressuscit\u00e9 ! All\u00e9luia !\n<\/p><\/div>\n","protected":false},"excerpt":{"rendered":"<p>Micka\u00f6l est heureux! Pendant la veill\u00e9e pascale, au terme d&rsquo;une magnifique c\u00e9r\u00e9monie conc\u00e9l\u00e9br\u00e9e par 3 pr\u00eatres, o\u00f9 il a re\u00e7u les 3 sacrements de l&rsquo;initiation chr\u00e9tienne, c&rsquo;est-\u00e0\u00a0-dire le bapt\u00eame, la confirmation et le sacrement&#46;&#46;&#46;<\/p>\n","protected":false},"author":2,"featured_media":0,"comment_status":"open","ping_status":"open","sticky":false,"template":"","format":"standard","meta":{"footnotes":""},"categories":[],"tags":[],"class_list":["post-231","post","type-post","status-publish","format-standard","hentry"],"_links":{"self":[{"href":"http:\/\/www.chapelle-crecy.com\/index.php?rest_route=\/wp\/v2\/posts\/231","targetHints":{"allow":["GET"]}}],"collection":[{"href":"http:\/\/www.chapelle-crecy.com\/index.php?rest_route=\/wp\/v2\/posts"}],"about":[{"href":"http:\/\/www.chapelle-crecy.com\/index.php?rest_route=\/wp\/v2\/types\/post"}],"author":[{"embeddable":true,"href":"http:\/\/www.chapelle-crecy.com\/index.php?rest_route=\/wp\/v2\/users\/2"}],"replies":[{"embeddable":true,"href":"http:\/\/www.chapelle-crecy.com\/index.php?rest_route=%2Fwp%2Fv2%2Fcomments&post=231"}],"version-history":[{"count":0,"href":"http:\/\/www.chapelle-crecy.com\/index.php?rest_route=\/wp\/v2\/posts\/231\/revisions"}],"wp:attachment":[{"href":"http:\/\/www.chapelle-crecy.com\/index.php?rest_route=%2Fwp%2Fv2%2Fmedia&parent=231"}],"wp:term":[{"taxonomy":"category","embeddable":true,"href":"http:\/\/www.chapelle-crecy.com\/index.php?rest_route=%2Fwp%2Fv2%2Fcategories&post=231"},{"taxonomy":"post_tag","embeddable":true,"href":"http:\/\/www.chapelle-crecy.com\/index.php?rest_route=%2Fwp%2Fv2%2Ftags&post=231"}],"curies":[{"name":"wp","href":"https:\/\/api.w.org\/{rel}","templated":true}]}}