{"id":232,"date":"2010-04-08T20:00:00","date_gmt":"2010-04-08T20:00:00","guid":{"rendered":""},"modified":"-0001-11-30T00:00:00","modified_gmt":"-0001-11-29T22:00:00","slug":"","status":"publish","type":"post","link":"http:\/\/www.chapelle-crecy.com\/?p=232","title":{"rendered":"Le dialogue dans le couple"},"content":{"rendered":"<table bgcolor =\"F0FAFF\" border=0>\n<tbody>\n<tr>\n<td>\n<div align=\"justify\">\n<div \"150\">Avec l&rsquo;arriv\u00e9e des beaux jours et du printemps, c&rsquo;est la saison des belles robes blanches qui est de retour et c&rsquo;est le d\u00e9fil\u00e9 de mariages plus somptueux les uns que les autres que l&rsquo;on s&rsquo;appr\u00eate \u00e0\u00a0 admirer aux portes de nos \u00e9glises et autre coll\u00e9giale. Temps de gr ce s&rsquo;il en est! Et pourtant, la vie en couple n&rsquo;est pas toujours aussi facile qu&rsquo;on ne croit. L&rsquo;association \u00ab\u00a0Vivre et Aimer\u00a0\u00bb nous propose une soir\u00e9e tr\u00e8s int\u00e9ressante et enrichissante \u00e0\u00a0 Coulommiers, le 6 mai prochain pour nous aider \u00e0\u00a0 faire progresser l&rsquo;amour dans le couple par le biais du t\u00e9moignage. Que vous soyez en route vers le mariage ou d\u00e9j\u00e0\u00a0 mari\u00e9, je vous invite \u00e0\u00a0 consulter le programme.<\/div>\n<\/div>\n<\/td>\n<\/tr>\n<\/tbody>\n<\/table>\n<p>Dialoguer \u00e2\u20ac\u00a6 Un chemin de croissance pour le couple<\/p>\n<div align=\"justify\">C&rsquo;est le th\u00e8me de la soir\u00e9e organis\u00e9e le jeudi 6 mai 2010 de 20h30 \u00e0 22h30\/23h une soir\u00e9e conviviale, \u00e0 vivre en couple,<br \/>\nsur le p\u00f4le de Coulommiers, dans les salles paroissiales,<br \/>\nderri\u00e8re l&rsquo;\u00e9glise Notre Dame de Toute Joie, (en ville haute)<br \/>\n36 rue des Caillets, \u00e0 Coulommiers.<\/p>\n<p> Pourquoi avoir choisi ce th\u00e8me : parce que tous les couples, lorsqu&rsquo;ils d\u00e9cident de vivre ensemble, voudraient que leur amour dure toujours. Or, beaucoup se s\u00e9parent apr\u00e8s quelques ann\u00e9es, avec les difficult\u00e9s et les peines li\u00e9es \u00e0 la s\u00e9paration, pour les deux membres du couple et \u00e9ventuellement pour leurs enfants.<br \/>\n Et n&rsquo;oublions pas que le couple et la famille constituent la cellule de base de la soci\u00e9t\u00e9 : quand les couples vont bien, les enfants et les familles vont bien et la soci\u00e9t\u00e9 s&rsquo;en trouve bien, et inversement\u00e2\u20ac\u00a6<br \/>\nComment faire pour que l&rsquo;amour dans un couple non seulement ne s&rsquo;affadisse pas avec le temps mais, au contraire, s&rsquo;approfondisse au fil des ans ?<br \/>\n Il n&rsquo;y a pas de recette magique qui marche \u00e0 tous les coups, mais une chose est certaine : pour qu&rsquo;un amour \u00e9volue bien, il doit se construire, les membres du couple doivent investir dans leur amour, dans leur relation.<\/p>\n<p> L&rsquo;association \u00ab Vivre et Aimer \u00bb (1) r\u00e9pond \u00e0 ce besoin en offrant aux couples des moyens concrets pour approfondir leur amour. Parmi ceux-ci, le dialogue a une place privil\u00e9gi\u00e9e car il permet \u00e0 chacun de s&rsquo;ouvrir \u00e0 l&rsquo;autre et d&rsquo;\u00e9couter l&rsquo;autre, au niveau du v\u00e9cu profond de l&rsquo;un et de l&rsquo;autre et pas seulement au niveau des faits ou des id\u00e9es.<br \/>\nC&rsquo;est ainsi que les deux membres du couple peuvent faire de leurs diff\u00e9rences des richesses et non pas des obstacles.<\/p>\n<p> L&rsquo;association \u00ab Vivre et Aimer \u00bb organise des week-ends pour les couples ayant quelques ann\u00e9es de vie commune, pour leur donner un temps o\u00f9 ils peuvent se poser, oublier le stress de la vie quotidienne et faire, \u00e0 deux, le point sur leur amour : quels sont leurs r\u00eaves, o\u00f9 ils en sont, ce qu&rsquo;ils ont envie de vivre. Au cours d&rsquo;un week-end, chaque couple peut exp\u00e9rimenter des moyens concrets pour aller plus loin, pour approfondir sa relation.<\/p>\n<p> La soir\u00e9e du 6 mai aborde une partie de ce qui est fait dans un week-end \u00ab Vivre et Aimer \u00bb. Elle est constitu\u00e9e essentiellement de t\u00e9moignages de deux couples qui illustrent comment, dans la vie de tous les jours, ils prennent les moyens de faire vivre et progresser leur amour. <\/p>\n<p> Il sera propos\u00e9 aux couples, pr\u00eatres et religieuses quelques petits temps de r\u00e9flexion personnelle, \u00e0 partir des t\u00e9moignages entendus.<br \/>\nCes r\u00e9flexions personnelles ne seront pas \u00e9chang\u00e9es avec d&rsquo;autres personnes au cours de la soir\u00e9e\u00e2\u20ac\u00a6mais il est vivement recommand\u00e9 qu&rsquo;elles le soient apr\u00e8s, en couple ou en communaut\u00e9.<br \/>\n Il est pr\u00e9vu un temps de questions\/r\u00e9ponses et la soir\u00e9e se terminera vers 22h30.<\/p>\n<p> (1) \u00ab Vivre et Aimer \u00bb est une association pr\u00e9sente en France depuis plus de 30 ans. Elle fait partie de la Pastorale Familiale de l&rsquo;Eglise catholique mais elle accueille tous les couples, quelles que soient leurs convictions, ainsi que pr\u00eatres et religieuses. Pour plus d&rsquo;informations : www.vivre-et-aimer.org <\/p>\n<p> inscriptions : (et pour tous renseignements )<br \/>\n Claude et Edwige Van Autr\u00e8ve , les granges 77320 La Fert\u00e9 Gaucher 01 64 20 30 45 ou par mail chez Nathalie et Xavier Grymonprez grymax@wanadoo.fr<\/p>\n<p>Jackie et G\u00e9rard Lemaire au 01 64 34 30 18<br \/>\n gerard.lemaire@wanadoo.fr\n<\/p><\/div>\n","protected":false},"excerpt":{"rendered":"<p>Avec l&rsquo;arriv\u00e9e des beaux jours et du printemps, c&rsquo;est la saison des belles robes blanches qui est de retour et c&rsquo;est le d\u00e9fil\u00e9 de mariages plus somptueux les uns que les autres que l&rsquo;on&#46;&#46;&#46;<\/p>\n","protected":false},"author":2,"featured_media":0,"comment_status":"open","ping_status":"open","sticky":false,"template":"","format":"standard","meta":{"footnotes":""},"categories":[],"tags":[],"class_list":["post-232","post","type-post","status-publish","format-standard","hentry"],"_links":{"self":[{"href":"http:\/\/www.chapelle-crecy.com\/index.php?rest_route=\/wp\/v2\/posts\/232","targetHints":{"allow":["GET"]}}],"collection":[{"href":"http:\/\/www.chapelle-crecy.com\/index.php?rest_route=\/wp\/v2\/posts"}],"about":[{"href":"http:\/\/www.chapelle-crecy.com\/index.php?rest_route=\/wp\/v2\/types\/post"}],"author":[{"embeddable":true,"href":"http:\/\/www.chapelle-crecy.com\/index.php?rest_route=\/wp\/v2\/users\/2"}],"replies":[{"embeddable":true,"href":"http:\/\/www.chapelle-crecy.com\/index.php?rest_route=%2Fwp%2Fv2%2Fcomments&post=232"}],"version-history":[{"count":0,"href":"http:\/\/www.chapelle-crecy.com\/index.php?rest_route=\/wp\/v2\/posts\/232\/revisions"}],"wp:attachment":[{"href":"http:\/\/www.chapelle-crecy.com\/index.php?rest_route=%2Fwp%2Fv2%2Fmedia&parent=232"}],"wp:term":[{"taxonomy":"category","embeddable":true,"href":"http:\/\/www.chapelle-crecy.com\/index.php?rest_route=%2Fwp%2Fv2%2Fcategories&post=232"},{"taxonomy":"post_tag","embeddable":true,"href":"http:\/\/www.chapelle-crecy.com\/index.php?rest_route=%2Fwp%2Fv2%2Ftags&post=232"}],"curies":[{"name":"wp","href":"https:\/\/api.w.org\/{rel}","templated":true}]}}