{"id":233,"date":"2010-04-11T13:28:00","date_gmt":"2010-04-11T13:28:00","guid":{"rendered":""},"modified":"-0001-11-30T00:00:00","modified_gmt":"-0001-11-29T22:00:00","slug":"","status":"publish","type":"post","link":"http:\/\/www.chapelle-crecy.com\/?p=233","title":{"rendered":"Annonces de la semaine du 12 au 18 avril 2010"},"content":{"rendered":"<table bgcolor =\"F0FAFF\" border=0>\n<tbody>\n<tr>\n<td>\n<div align=\"justify\">\n<div \"151\">Voici les annonces de la semaine du lundi 12 au dimanche 18 avril pour la paroisse des 3 clochers Cr\u00e9cy-la-Chapelle, Villiers-sur-Morin, Voulangis.<br \/>\nSamedi 17 : messe \u00e0\u00a0 Villiers.<br \/>\nDimanche 18 : messe \u00e0\u00a0 Cr\u00e9cy.<br \/>\nTout le programme d\u00e9taill\u00e9 dans la suite &#8230; <a><br \/> \n<\/div>\n<\/td>\n<\/tr>\n<\/tbody>\n<\/table>\n<table bgcolor =\"F0F6FF\" border=0>\n<tbody>\n<tr>\n<td width=\"25%\"><font color=\"0020FF\">Lundi 12 avril<\/font><\/td>\n<td width=\"35%\"><font color=\"0020FF\">14 h 30  R\u00e9union de l&rsquo;\u00e9quipe du Rosaire chez Mme LOUIS.<br \/>\n17 h &#8211; C\u00e9l\u00e9bration \u00e0 la Maison de Retraite.<\/font><\/td>\n<td width=\"40%\"><font color=\"0020FF\">20 h 30 &#8211; R\u00e9union de l&rsquo;Equipe d&rsquo;Animation Pastorale.<\/font><\/td>\n<\/tr>\n<tr>\n<td>\n<div align=\"center\"><img decoding=\"async\" src=\"\/IMG\/jpg\/prions.jpg\" width=150><\/div>\n<\/td>\n<td width=150><font color=\"00CC00\">Mardi 13 avril<\/font><\/td>\n<td><font color=\"00CC00\">9h  Messe \u00e0 Cr\u00e9cy pour Mathias CURIC.<\/font><\/td>\n<\/tr>\n<tr>\n<td><font color=\"CC20AA\">Mercredi 14 avril<\/font><\/td>\n<td><font color=\"CC20AA\">18  h &#8211; Messe \u00e0 Cr\u00e9cy pour Adrien HERVIN et Anne-Marie HILBERT.<fonT><\/td>\n<td><font color=\"CC20AA\"><\/p>\n<div align=\"center\"><img decoding=\"async\" src=\"\/IMG\/gif\/bibles004.gif\" ><\/div>\n<p><\/fonT><\/td>\n<\/tr>\n<tr>\n<td><font color=\"00CC00\">Jeudi 15 avril<\/font><\/td>\n<td><font color=\"00CC00\"><\/p>\n<div align=\"center\"><img decoding=\"async\" src=\"\/IMG\/gif\/cross.gif\" ><\/font><\/td>\n<td><font color=\"00CC00\">18 h 30 &#8211; Messe \u00e0 Cr\u00e9cy pour Daniel BROUILLET et Jacqueline BOITEUX.<\/font><\/td>\n<\/tr>\n<tr>\n<td><font color=\"0020FF\"><\/p>\n<div align=\"center\"><img decoding=\"async\" src=\"\/IMG\/gif\/lumiere_65.gif\"  ><\/div>\n<p><\/font><\/td>\n<td><font color=\"0020FF\">Vendredi 16 avril<\/font><\/td>\n<td><font color=\"0020FF\">18 h  Messe \u00e0 Cr\u00e9cy pour Ren\u00e9e LAURENT et Michel PERRONNET<\/font><\/td>\n<\/tr>\n<tr>\n<td><font color=\"CC20AA\">Samedi 17 avril<\/font><\/td>\n<td><font color=\"CC20AA\">18 h 30  Messe \u00e0  Villiers pour Evelyne PILOT.<br \/><\/font><\/td>\n<td><font color=\"CC20AA\"><img decoding=\"async\" src=\"\/IMG\/lieux\/villiers_eglise.jpg\" width=150><\/font><\/td>\n<\/tr>\n<tr>\n<td><font color=\"00CC00\"><img decoding=\"async\" src=\"\/IMG\/lieux\/stgeorges01.jpg\" width=150><\/font><\/td>\n<td><font color=\"00CC00\">Dimanche 18 avril.<\/font><\/td>\n<td><font color=\"00CC00\">10 h 30 &#8211;   A Cr\u00e9cy, messe anniversaire pour Andr\u00e9e PHILIPPE. Nous prierons \u00e9galement pour  Andr\u00e9e REYDEL.<\/font><\/td>\n<\/tr>\n<\/tbody>\n<\/table>\n","protected":false},"excerpt":{"rendered":"<p>Voici les annonces de la semaine du lundi 12 au dimanche 18 avril pour la paroisse des 3 clochers Cr\u00e9cy-la-Chapelle, Villiers-sur-Morin, Voulangis. Samedi 17 : messe \u00e0\u00a0 Villiers. Dimanche 18 : messe \u00e0\u00a0 Cr\u00e9cy.&#46;&#46;&#46;<\/p>\n","protected":false},"author":2,"featured_media":0,"comment_status":"open","ping_status":"open","sticky":false,"template":"","format":"standard","meta":{"footnotes":""},"categories":[],"tags":[],"class_list":["post-233","post","type-post","status-publish","format-standard","hentry"],"_links":{"self":[{"href":"http:\/\/www.chapelle-crecy.com\/index.php?rest_route=\/wp\/v2\/posts\/233","targetHints":{"allow":["GET"]}}],"collection":[{"href":"http:\/\/www.chapelle-crecy.com\/index.php?rest_route=\/wp\/v2\/posts"}],"about":[{"href":"http:\/\/www.chapelle-crecy.com\/index.php?rest_route=\/wp\/v2\/types\/post"}],"author":[{"embeddable":true,"href":"http:\/\/www.chapelle-crecy.com\/index.php?rest_route=\/wp\/v2\/users\/2"}],"replies":[{"embeddable":true,"href":"http:\/\/www.chapelle-crecy.com\/index.php?rest_route=%2Fwp%2Fv2%2Fcomments&post=233"}],"version-history":[{"count":0,"href":"http:\/\/www.chapelle-crecy.com\/index.php?rest_route=\/wp\/v2\/posts\/233\/revisions"}],"wp:attachment":[{"href":"http:\/\/www.chapelle-crecy.com\/index.php?rest_route=%2Fwp%2Fv2%2Fmedia&parent=233"}],"wp:term":[{"taxonomy":"category","embeddable":true,"href":"http:\/\/www.chapelle-crecy.com\/index.php?rest_route=%2Fwp%2Fv2%2Fcategories&post=233"},{"taxonomy":"post_tag","embeddable":true,"href":"http:\/\/www.chapelle-crecy.com\/index.php?rest_route=%2Fwp%2Fv2%2Ftags&post=233"}],"curies":[{"name":"wp","href":"https:\/\/api.w.org\/{rel}","templated":true}]}}