{"id":234,"date":"2010-04-14T12:07:30","date_gmt":"2010-04-14T12:07:30","guid":{"rendered":""},"modified":"-0001-11-30T00:00:00","modified_gmt":"-0001-11-29T22:00:00","slug":"","status":"publish","type":"post","link":"http:\/\/www.chapelle-crecy.com\/?p=234","title":{"rendered":"Le groupe Couleur Gosp&rsquo;Elles bient\u00f4t \u00e0\u00a0 Meaux"},"content":{"rendered":"<table bgcolor =\"F0FAFF\" border=0>\n<tbody>\n<tr>\n<td>\n<div align=\"justify\">\n<div \"152\">Il faisait froid cet hiver \u00e0\u00a0 Meaux. Et le Murmure du Grand Livre \u00e0\u00a0 la cath\u00e9drale, \u00e7a ne vous rappelle pas quelque bon souvenir? Ce spectacle \u00ab\u00a0son et lumi\u00e8re\u00a0\u00bb superbement mont\u00e9 par la dynamique association \u00ab\u00a0Joie et Partage\u00a0\u00bb ne vous a certainement pas laiss\u00e9 insensible. Cette association a la bonne id\u00e9e de nous proposer, en cette p\u00e9riode plus cl\u00e9mente, un autre concert anim\u00e9 par le groupe Couleur Gosp&rsquo;Elles et  dirig\u00e9 par l&rsquo;ind\u00e9tr nable voix et chef de choeur Isabelle Saint Louis Gabriel. Cet \u00e9v\u00e8nement aura lieu \u00e0\u00a0 l&rsquo;\u00e9glise St Nicolas de Meaux, le 9 mai prochain. \u00e0\u2021a va swinguer, au dire de la coordinatrice de l&rsquo;association Marie-Sandrine :<br \/>\n\u00ab\u00a0Vous pouvez me croire sur parole, ce sera un moment inoubliable, grandiose, g\u00e9nial. Cela vaut vraiment le d\u00e9tour!\u00a0\u00bb <\/div>\n<\/div>\n<\/td>\n<\/tr>\n<\/tbody>\n<\/table>\n<p>Pr\u00e9sentation du choeur Couleur Gosp&rsquo;Elles<\/p>\n<div align=\"justify\">\n<p>Isabelle Saint Louis Gabriel dont vous avez pu \u00eatre charm\u00e9 par sa voix lors du spectacle du \u00ab\u00a0Murmure du Grand Livre\u00a0\u00bb adore le chant. Elle nous explique comment s&rsquo;est cr\u00e9\u00e9 ce groupe GOSPEL:<\/p>\n<p> \u00abLe choeur a \u00e9t\u00e9 cr\u00e9\u00e9, il y a de cela 6 ans, dans le cadre de la journ\u00e9e internationale de la femme. Nous nous sommes dit que, nous aussi (sous-entendu les chr\u00e9tiens), nous avions quelque chose \u00e0 partager en ce jour sp\u00e9cial, \u00e0 savoir notre foi, en unissant nos voix pour chanter du gospel. Le groupe \u00e9tait n\u00e9.<\/p>\n<p> Nous avons rattach\u00e9 \u00e0 cet \u00e9v\u00e9nement des associations dirig\u00e9es par des femmes battantes qui ont envie de faire avancer des causes. C&rsquo;est de l\u00e0 qu&rsquo;est partie toute notre histoire, et nous l&rsquo;avons \u00e9tendue \u00e0 d&rsquo;autres manifestations comme chanter dans les h\u00f4pitaux parisiens pour les personnes \u00e2g\u00e9es (Paris 15\u00e8me ), pour les enfants (Paris 12\u00e8me), pour les personnes d\u00e9munies (Paris 17\u00e8me) pour des occasions heureuses comme lors des mariages ou qui le sont moins (heureuses) comme lors d&rsquo;enterrements. Et apr\u00e8s, on s&rsquo;est dit pourquoi ne pas l&rsquo;ouvrir \u00e0 un plus large public?<\/p>\n<p> Nous vous proposons de venir nous \u00e9couter ce 9 mai, \u00e0 16h00, en l&rsquo;\u00e9glise St Nicolas de Meaux.\u00bb <\/p>\n<div align=\"center\"><img decoding=\"async\" src=\"\/IMG\/jpg\/gospel2.jpg\" width=400><\/div>\n<p> L&rsquo;entr\u00e9e de ce concert propos\u00e9 par des professionnels sera payante:<br \/>\n 8\u00e2\u201a\u00ac pour les adultes<br \/>\n 5\u00e2\u201a\u00ac pour les enfants de 5 \u00e0 10 ans<br \/>\n gratuit pour les 0 \u00e0 4 ans<\/p>\n<p> Pour tout renseignement ou information, vous pouvez \u00e9crire \u00e0 l&rsquo;adresse mail suivante \u00ab\u00a0association-joie-et-partage@hotmail.fr\u00a0\u00bb ou contacter Marie-Sandrine CALIXTE par t\u00e9l\u00e9phone au 06 69 03 16 76. Nous vous attendons nombreux pour passer un agr\u00e9able apr\u00e8s-midi de convivialit\u00e9 et de joie communicative !\n<\/p><\/div>\n<div align=\"center\"><img decoding=\"async\" src=\"\/IMG\/jpg\/gospel1.jpg\" width=600><\/div>\n","protected":false},"excerpt":{"rendered":"<p>Il faisait froid cet hiver \u00e0\u00a0 Meaux. Et le Murmure du Grand Livre \u00e0\u00a0 la cath\u00e9drale, \u00e7a ne vous rappelle pas quelque bon souvenir? Ce spectacle \u00ab\u00a0son et lumi\u00e8re\u00a0\u00bb superbement mont\u00e9 par la dynamique&#46;&#46;&#46;<\/p>\n","protected":false},"author":2,"featured_media":0,"comment_status":"open","ping_status":"open","sticky":false,"template":"","format":"standard","meta":{"footnotes":""},"categories":[],"tags":[],"class_list":["post-234","post","type-post","status-publish","format-standard","hentry"],"_links":{"self":[{"href":"http:\/\/www.chapelle-crecy.com\/index.php?rest_route=\/wp\/v2\/posts\/234","targetHints":{"allow":["GET"]}}],"collection":[{"href":"http:\/\/www.chapelle-crecy.com\/index.php?rest_route=\/wp\/v2\/posts"}],"about":[{"href":"http:\/\/www.chapelle-crecy.com\/index.php?rest_route=\/wp\/v2\/types\/post"}],"author":[{"embeddable":true,"href":"http:\/\/www.chapelle-crecy.com\/index.php?rest_route=\/wp\/v2\/users\/2"}],"replies":[{"embeddable":true,"href":"http:\/\/www.chapelle-crecy.com\/index.php?rest_route=%2Fwp%2Fv2%2Fcomments&post=234"}],"version-history":[{"count":0,"href":"http:\/\/www.chapelle-crecy.com\/index.php?rest_route=\/wp\/v2\/posts\/234\/revisions"}],"wp:attachment":[{"href":"http:\/\/www.chapelle-crecy.com\/index.php?rest_route=%2Fwp%2Fv2%2Fmedia&parent=234"}],"wp:term":[{"taxonomy":"category","embeddable":true,"href":"http:\/\/www.chapelle-crecy.com\/index.php?rest_route=%2Fwp%2Fv2%2Fcategories&post=234"},{"taxonomy":"post_tag","embeddable":true,"href":"http:\/\/www.chapelle-crecy.com\/index.php?rest_route=%2Fwp%2Fv2%2Ftags&post=234"}],"curies":[{"name":"wp","href":"https:\/\/api.w.org\/{rel}","templated":true}]}}