{"id":238,"date":"2010-05-02T22:05:36","date_gmt":"2010-05-02T22:05:36","guid":{"rendered":""},"modified":"-0001-11-30T00:00:00","modified_gmt":"-0001-11-29T22:00:00","slug":"","status":"publish","type":"post","link":"http:\/\/www.chapelle-crecy.com\/?p=238","title":{"rendered":"Annonces de la semaine du 3 au 9 mai 2010"},"content":{"rendered":"<table bgcolor =\"F0FAFF\" border=0>\n<tbody>\n<tr>\n<td>\n<div align=\"justify\">\n<div \"156\">Voici les annonces de la semaine du lundi 3 au dimanche 9 mai pour la paroisse des 3 clochers Cr\u00e9cy-la-Chapelle, Villiers-sur-Morin, Voulangis.<br \/>\nSamedi 8 : 11h messe \u00e0\u00a0 Cr\u00e9cy pour les anciens combattants, 18h30 messe \u00e0\u00a0 Voulangis.<br \/>\nDimanche 9 : messe \u00e0\u00a0 la Coll\u00e9giale.<br \/>\nTout le programme d\u00e9taill\u00e9 dans la suite &#8230; <a><br \/> \n<\/div>\n<\/td>\n<\/tr>\n<\/tbody>\n<\/table>\n<table bgcolor =\"F0F6FF\" border=0>\n<tbody>\n<tr>\n<td width=\"25%\"><font color=\"0020FF\">Lundi 3 mai<\/font><\/td>\n<td width=\"35%\"><font color=\"0020FF\">14 h 30  R\u00e9union de l&rsquo;\u00e9quipe du Rosaire chez Mme LOUIS.<\/font><\/td>\n<td width=\"40%\"><font color=\"0020FF\">17 h &#8211; Messe \u00e0 la Maison de Retraite pour Yvonne LIEVIN.<\/font><\/td>\n<\/tr>\n<tr>\n<td><font color=\"CC20AA\">Mercredi 5 mai<\/font><\/td>\n<td><font color=\"CC20AA\">18 h &#8211; Messe \u00e0 Cr\u00e9cy pour C\u00e9lestine LYONNET et Maurice MOTTET.<fonT><\/td>\n<td><font color=\"CC20AA\"><\/p>\n<div align=\"center\"><img decoding=\"async\" src=\"\/IMG\/gif\/bibles004.gif\" ><\/div>\n<p><\/fonT><\/td>\n<\/tr>\n<tr>\n<td><font color=\"00CC00\">Jeudi 6 mai<\/font><\/td>\n<td><font color=\"00CC00\"><\/p>\n<div align=\"center\"><img decoding=\"async\" src=\"\/IMG\/gif\/lumiere_65.gif\"><\/div>\n<p><\/font><\/td>\n<td><font color=\"00CC00\">18 h 30-  Messe \u00e0 Cr\u00e9cy pour  H\u00e9l\u00e8ne DUBESSET et Jean MERILLON.<\/font><\/td>\n<\/tr>\n<tr>\n<td><font color=\"0020FF\">Vendredi 7 mai<\/font><\/td>\n<td><font color=\"0020FF\">17 h 30 \u00e0 18 h 30  R\u00e9union de l&rsquo;\u00e9quipe MEJ \u00ab Jeunes T\u00e9moins \u00bb.<\/font><\/td>\n<td><font color=\"0020FF\">18 h  Messe \u00e0 Cr\u00e9cy pour Robert et Raymonde GUILLAUMY.<br \/>\n19 h 30 &#8211;  R\u00e9union  du Centre de Pr\u00e9paration au Mariage.<\/font><\/td>\n<\/tr>\n<tr>\n<td><font color=\"CC20AA\">Samedi 8 mai<\/font><\/td>\n<td><font color=\"CC20AA\">11 h &#8211; A Cr\u00e9cy, Messe pour les Anciens Combattants.<br \/>\n16 h 30  A Cr\u00e9cy,  mariage de Marie CHARIOT et Jeremy LEGEARD.<br \/>\n<\/font><\/td>\n<td><font color=\"CC20AA\">18 h 30 &#8211; Messe \u00e0 Voulangis pour Jean DEDIEU et Alain VASSEUR.<\/font><\/td>\n<\/tr>\n<tr>\n<td><font color=\"00CC00\">Dimanche 9 mai<\/font><\/td>\n<td><font color=\"00CC00\">10 h 30  A la Coll\u00e9giale, Messe  pour les malades, anim\u00e9e par l&rsquo;Hospitalit\u00e9 de Lourdes.<\/font><\/td>\n<td><font color=\"00CC00\">11 h 45 &#8211; Bapt\u00eame de Maely COTTIN, Owen MOTYL et Matt BELLO.<\/font><\/td>\n<\/tr>\n<\/tbody>\n<\/table>\n","protected":false},"excerpt":{"rendered":"<p>Voici les annonces de la semaine du lundi 3 au dimanche 9 mai pour la paroisse des 3 clochers Cr\u00e9cy-la-Chapelle, Villiers-sur-Morin, Voulangis. Samedi 8 : 11h messe \u00e0\u00a0 Cr\u00e9cy pour les anciens combattants, 18h30&#46;&#46;&#46;<\/p>\n","protected":false},"author":2,"featured_media":0,"comment_status":"open","ping_status":"open","sticky":false,"template":"","format":"standard","meta":{"footnotes":""},"categories":[],"tags":[],"class_list":["post-238","post","type-post","status-publish","format-standard","hentry"],"_links":{"self":[{"href":"http:\/\/www.chapelle-crecy.com\/index.php?rest_route=\/wp\/v2\/posts\/238","targetHints":{"allow":["GET"]}}],"collection":[{"href":"http:\/\/www.chapelle-crecy.com\/index.php?rest_route=\/wp\/v2\/posts"}],"about":[{"href":"http:\/\/www.chapelle-crecy.com\/index.php?rest_route=\/wp\/v2\/types\/post"}],"author":[{"embeddable":true,"href":"http:\/\/www.chapelle-crecy.com\/index.php?rest_route=\/wp\/v2\/users\/2"}],"replies":[{"embeddable":true,"href":"http:\/\/www.chapelle-crecy.com\/index.php?rest_route=%2Fwp%2Fv2%2Fcomments&post=238"}],"version-history":[{"count":0,"href":"http:\/\/www.chapelle-crecy.com\/index.php?rest_route=\/wp\/v2\/posts\/238\/revisions"}],"wp:attachment":[{"href":"http:\/\/www.chapelle-crecy.com\/index.php?rest_route=%2Fwp%2Fv2%2Fmedia&parent=238"}],"wp:term":[{"taxonomy":"category","embeddable":true,"href":"http:\/\/www.chapelle-crecy.com\/index.php?rest_route=%2Fwp%2Fv2%2Fcategories&post=238"},{"taxonomy":"post_tag","embeddable":true,"href":"http:\/\/www.chapelle-crecy.com\/index.php?rest_route=%2Fwp%2Fv2%2Ftags&post=238"}],"curies":[{"name":"wp","href":"https:\/\/api.w.org\/{rel}","templated":true}]}}