{"id":239,"date":"2010-05-08T23:00:00","date_gmt":"2010-05-08T23:00:00","guid":{"rendered":""},"modified":"-0001-11-30T00:00:00","modified_gmt":"-0001-11-29T22:00:00","slug":"","status":"publish","type":"post","link":"http:\/\/www.chapelle-crecy.com\/?p=239","title":{"rendered":"Le mois de Mai le mois de Marie"},"content":{"rendered":"<table bgcolor =\"F0FAFF\" border=0>\n<tbody>\n<tr>\n<td>\n<div align=\"justify\">\n<div \"157\">On a coutume de la prier plus intens\u00e9ment durant le mois de mai. On vient en p\u00e8lerinage en particulier \u00e0\u00a0 Lourdes, toute l&rsquo;ann\u00e9e, de tous les horizons et de toutes les g\u00e9n\u00e9rations. Pourquoi ce succ\u00e8s depuis plus d&rsquo;un si\u00e8cle? Tout simplement, parce que je crois que, Marie incarne vraiment la tendresse maternelle, la compr\u00e9hension bienveillante des soucis et peines que nous pouvons lui confier. Preuve en est, ce t\u00e9moignage d&rsquo;Evelyne, responsable de l&rsquo;antenne du Secours Catholique de Cr\u00e9cy, lors de son r\u00e9cent voyage dans la Cit\u00e9 Mariale.<\/div>\n<\/div>\n<\/td>\n<\/tr>\n<\/tbody>\n<\/table>\n<div align=\"justify\">\nLE VOYAGE DE L&rsquo;ESPERANCE<\/p>\n<p> C&rsquo;est une premi\u00e8re, pour la d\u00e9l\u00e9gation du Secours catholique de Seine-et-Marne. Depuis bien longtemps, il n&rsquo;y avait eu d&rsquo;organis\u00e9e de petite vir\u00e9e au pied des Pyr\u00e9n\u00e9es pour les personnes accueillies dans nos relais.<br \/>\n Nous \u00e9tions finalement 86 personnes \u00e0 prendre le TGV ce jeudi 29 avril; des animateurs mais surtout des personnes en difficult\u00e9 re\u00e7ues et suivies dans nos diff\u00e9rentes antennes, tout au long de l&rsquo;ann\u00e9e.<br \/>\nPetits et grands, croyants ou non, mais tous pr\u00eats \u00e0 partager du temps ensemble pendant cinq jours. Un temps pour se sortir d&rsquo;un quotidien souvent morose o\u00f9 chaque matin apporte son lot de soucis, de factures que l&rsquo;on ne peut payer, son angoisse face au ch\u00f4mage ou aux difficult\u00e9s \u00e0 g\u00e9rer des enfants perturb\u00e9s ou en souffrance. Un s\u00e9jour pour d\u00e9compresser, pour voir et vivre autre chose, pour redonner un peu d&rsquo;esp\u00e9rance.<\/p>\n<p> La premi\u00e8re \u00e9motion fut celle de l&rsquo;\u00e9merveillement devant le paysage de la Cit\u00e9 St Pierre situ\u00e9e \u00e0 1,5km (20mn \u00e0 pied) des sanctuaires de Lourdes o\u00f9 apparut la Vierge Marie, il y a 150 ans. Le ciel d&rsquo;un magnifique bleu d\u00e9coup\u00e9 par les cimes enneig\u00e9es des majestueuses montagnes Pyr\u00e9n\u00e9es ne nous a jamais quitt\u00e9. Tous les \u00e9l\u00e9ments \u00e9taient r\u00e9unis pour que chacun ressente en descendant de l&rsquo;autobus une paix, une s\u00e9r\u00e9nit\u00e9 incroyable!<\/p>\n<div align=\"center\"><img decoding=\"async\" src=\"\/IMG\/jpg\/Cite_St_Pierre-2.jpg\" width=450><\/div>\n<p> Notre lieu d&rsquo;accueil : la Cit\u00e9 St Pierre<\/p>\n<p> La CITE St Pierre fut ouverte par Monseigneur Rhodain en 1955. Elle  accueille, chaque ann\u00e9e dans un cadre de 32 ha de verdure, 22 OOO p\u00e8lerins de 50 pays diff\u00e9rents. Plus de 1000 b\u00e9n\u00e9voles et 30 salari\u00e9s assurent les services et les t\u00e2ches quotidiennes pour toute personne envoy\u00e9e par le Secours Catholique. Chacun trouve ici r\u00e9confort, sourire et partage fraternel.<br \/>\n Cet espace accueille les plus d\u00e9munis afin qu&rsquo;ils puissent, eux aussi, reprendre courage et d\u00e9couvrir le message de LA VIERGE MARIE ET DE BERNADETTE.<\/p>\n<p>\u00a0\u00bb Elle m&rsquo;a regard\u00e9 comme une personne\u00a0\u00bb:<br \/>\nc&rsquo;est ce qu&rsquo;a dit Bernadette en parlant de Marie. Ici, chacun est important, aim\u00e9 et respect\u00e9.<br \/>\nPlein de visages me reviennent en m\u00e9moire, bien s\u00fbr, nous n&rsquo;avons pas pu rencontrer vraiment chacune des personnes pr\u00e9sentes mais tous et chacun, nous avons eu l&rsquo;occasion de vivre quelque chose de fraternel avec tel ou telle autre. Certains se sont d\u00e9couverts des affinit\u00e9s. Tous, (je dis tous), nous avons re\u00e7us des autres, une sacr\u00e9e dose de g\u00e9n\u00e9rosit\u00e9.<br \/>\n Pour certains, ce fut la d\u00e9couverte d&rsquo;un monde o\u00f9 l&rsquo;on donne gratuitement, o\u00f9 l&rsquo;on se parle avec respect, o\u00f9 chacun s&rsquo;\u00e9coute et s&rsquo;entraide. Pour beaucoup, ce fut l&rsquo;occasion de faire la connaissance avec Bernadette et le message de Lourdes. L&rsquo;attrait pour la pr\u00e9sence de Marie aux sanctuaires a surpris les responsables du voyage. Une soif de conna \u00eetre les lieux et le message spirituel de Lourdes a permis de vivre de beaux moments qui resteront grav\u00e9s dans nos coeurs. La visite des lieux o\u00f9 v\u00e9cut Bernadette, le chemin de la paix, organis\u00e9 par la Cit\u00e9 st Pierre nous ont permis d&rsquo;entendre divers t\u00e9moignages, nous ont permis de prier. Toutes ces animations aideront chacun, c&rsquo;est s\u00fbr, \u00e0 construire \u00e0 leur tour, leur propre chemin de paix.<\/p>\n<p> Le festival des talents!<br \/>\n Tel \u00e9tait le th\u00e8me de ce voyage de l&rsquo;esp\u00e9rance. Au cours de deux apr\u00e8s-midi, nous avons pu cr\u00e9er quelque chose de nos mains gr\u00e2ce \u00e0 des ateliers ( couture, tricot, fabrication de bijoux fantaisie, mosa\u00efque et chant ). Les enfants, comme les adultes, avons partag\u00e9 les rires et les savoir-faire, ainsi se tissait sans nous en rendre compte, des liens de fraternit\u00e9.<br \/>\n D\u00e8s le retour, une personne que nous accueillons avait d\u00e9j\u00e0 fait sa demande \u00e9crite pour devenir \u00e0 son tour b\u00e9n\u00e9vole \u00e0 la Cit\u00e9 st Pierre. Le d\u00e9sir de rendre ce que l&rsquo;on a soi-m\u00eame re\u00e7u devient presque une \u00e9vidence, un besoin. Cela me donne l&rsquo;occasion de dire que LA CITE ST PIERRE manque de b\u00e9n\u00e9voles surtout au printemps et en automne. Avis aux amateurs! Voici le site pour plus d&rsquo;informations: www.citesaintpierre.net<\/p>\n<p> Enfin, pour \u00eatre complet, je voudrais signaler que lorsqu&rsquo;on visite la Cit\u00e9 St Pierre, on peut vite s&rsquo;apercevoir que le symbole de la balance pour Monseigneur Rhodain est tr\u00e8s pr\u00e9sent. Cette balance comporte d&rsquo;un c\u00f4t\u00e9 l&rsquo;ostensoir avec J\u00e9sus hostie et de l&rsquo;autre c\u00f4t\u00e9 le monde, les hommes. Aimer le Christ autant que chaque \u00eatre humain , voil\u00e0 le d\u00e9fi du chr\u00e9tien! <\/p>\n<div align=\"center\"><img decoding=\"async\" src=\"\/IMG\/jpg\/La_balance.jpg\" width=400><\/div>\n<p> Voil\u00e0, ce s\u00e9jour \u00e0 la Cit\u00e9 Saint Pierre fut une belle aventure que nous avons tous h\u00e2te de revivre!<\/p>\n<p>  Les apparitions<br \/>\n \u00ab\u00a0Je l&rsquo;ai vue ce matin, plus belle que jamais&#8230; si belle que je ne pensais plus \u00e0 lui demander son nom &#8211; quand quelque chose au coeur m&rsquo;a pouss\u00e9e: \u00ab\u00a0Madame, voulez-vous me dire votre nom?\u00a0\u00bb Elle a souri, mais sans r\u00e9pondre. \u00ab\u00a0Madame, ayez la bont\u00e9 de me dire votre nom?\u00a0\u00bb Elle a fait ainsi, et les yeux au ciel, elle a dit: &lsquo;Que soy era Immaculada Councepciou\u00a0\u00bb<\/p>\n<p>                                                  Bernadette \u00e0 l&rsquo;abb\u00e9 Peyramale,<br \/>\n                                              apr\u00e8s l&rsquo;apparition du 25 mars 1858<\/p>\n<div align=\"center\"><img decoding=\"async\" src=\"\/IMG\/jpg\/Bernadette_1.jpg\" width=400><\/div>\n<\/div>\n","protected":false},"excerpt":{"rendered":"<p>On a coutume de la prier plus intens\u00e9ment durant le mois de mai. On vient en p\u00e8lerinage en particulier \u00e0\u00a0 Lourdes, toute l&rsquo;ann\u00e9e, de tous les horizons et de toutes les g\u00e9n\u00e9rations. Pourquoi ce&#46;&#46;&#46;<\/p>\n","protected":false},"author":2,"featured_media":0,"comment_status":"open","ping_status":"open","sticky":false,"template":"","format":"standard","meta":{"footnotes":""},"categories":[],"tags":[],"class_list":["post-239","post","type-post","status-publish","format-standard","hentry"],"_links":{"self":[{"href":"http:\/\/www.chapelle-crecy.com\/index.php?rest_route=\/wp\/v2\/posts\/239","targetHints":{"allow":["GET"]}}],"collection":[{"href":"http:\/\/www.chapelle-crecy.com\/index.php?rest_route=\/wp\/v2\/posts"}],"about":[{"href":"http:\/\/www.chapelle-crecy.com\/index.php?rest_route=\/wp\/v2\/types\/post"}],"author":[{"embeddable":true,"href":"http:\/\/www.chapelle-crecy.com\/index.php?rest_route=\/wp\/v2\/users\/2"}],"replies":[{"embeddable":true,"href":"http:\/\/www.chapelle-crecy.com\/index.php?rest_route=%2Fwp%2Fv2%2Fcomments&post=239"}],"version-history":[{"count":0,"href":"http:\/\/www.chapelle-crecy.com\/index.php?rest_route=\/wp\/v2\/posts\/239\/revisions"}],"wp:attachment":[{"href":"http:\/\/www.chapelle-crecy.com\/index.php?rest_route=%2Fwp%2Fv2%2Fmedia&parent=239"}],"wp:term":[{"taxonomy":"category","embeddable":true,"href":"http:\/\/www.chapelle-crecy.com\/index.php?rest_route=%2Fwp%2Fv2%2Fcategories&post=239"},{"taxonomy":"post_tag","embeddable":true,"href":"http:\/\/www.chapelle-crecy.com\/index.php?rest_route=%2Fwp%2Fv2%2Ftags&post=239"}],"curies":[{"name":"wp","href":"https:\/\/api.w.org\/{rel}","templated":true}]}}