{"id":240,"date":"2010-05-06T07:52:32","date_gmt":"2010-05-06T07:52:32","guid":{"rendered":""},"modified":"-0001-11-30T00:00:00","modified_gmt":"-0001-11-29T22:00:00","slug":"","status":"publish","type":"post","link":"http:\/\/www.chapelle-crecy.com\/?p=240","title":{"rendered":"Tour de France de Glorious prochaine \u00e9tape : Meaux"},"content":{"rendered":"<table bgcolor =\"F0FAFF\" border=0>\n<tbody>\n<tr>\n<td>\n<div align=\"justify\">\n<div \"158\">Apr\u00e8s son concert de samedi dernier \u00e0\u00a0 Dijon, Glorious, le 1er groupe de Pop Louange de France emmen\u00e9 par les 2 frangins Benjamin et Thomas Pouzin d\u00e9barque enfin \u00e0\u00a0 Meaux, dans la cour \u00e9piscopale de la cath\u00e9drale Saint Etienne, ce samedi 8 mai \u00e0\u00a0 20H30. C&rsquo;est assur\u00e9ment un temps de partage fort en Eglise, de communion et de louange qui nous attend. D\u00e9concertant !<\/div>\n<\/div>\n<\/td>\n<\/tr>\n<\/tbody>\n<\/table>\n<p>Vous voulez savoir ce qui va se passer \u00e0 Meaux samedi ? Ambiance d&rsquo;avant-concert: comme si vous y \u00e9tiez<\/p>\n<p>La tension monte aux abords de la cath\u00e9drale, les organisateurs s&rsquo;affairent et peaufinent les moindres d\u00e9tails de la pr\u00e9paration. Rien n&rsquo;est laiss\u00e9 au hasard : accueil, sono, spots, places assises r\u00e9serv\u00e9es, etc. Tout sera fait pour que ce concert, pas comme les autres, soit une r\u00e9ussite totale. \u00ab Nous sommes s\u00fbr de jouer \u00e0 guichet ferm\u00e9 \u00bb nous assure Jean-Baptiste, de l&rsquo;association organisatrice \u00ab Toujours plus Loin \u00bb. Les inscriptions affluent sur gloriousmeaux@gmail.com ou 06 08 25 98 16 (d\u00e9j\u00e0 plusieurs centaines d&rsquo;inscrits) et un public jeune et nombreux sera au rendez-vous pour accueillir le groupe porteur d&rsquo;un message chr\u00e9tien d\u00e9complex\u00e9. D&rsquo;ailleurs quand on leur demande : Qu&rsquo;est-ce qu&rsquo;un groupe de musique chr\u00e9tienne a de plus qu&rsquo;un autre ? Benjamin (28 ans) et Thomas (26 ans) r\u00e9pondent sans d\u00e9tour: \u00ab Rien de plus en tant que personne mais tout sur le plan divin. \u00bb<\/p>\n<p>Petite r\u00e9trospective \u00e0 l&rsquo;\u00e9glise Sainte Bernadette de Dijon, samedi 1er mai<\/p>\n<p>Et pour mieux vous faire comprendre ce qui vous attend samedi \u00e0 Meaux, nous avons voulu en savoir plus. Nous avons interrog\u00e9, Sylvie Pig\u00e9,  responsable de l&rsquo;association des Amis de Saint Jean et Saint Augustin de Dijon. Son t\u00e9moignage vibrant nous plonge directement dans l&rsquo;ambiance :<\/p>\n<p>\u00ab Nous attendions 650 personnes, nous avons \u00e9t\u00e9 plus de 1000! Ce fut un temps de partage toutes g\u00e9n\u00e9rations confondues, un temps de joie difficile \u00e0 d\u00e9crire. Une ambiance fraternelle, lumineuse, enflamm\u00e9e. Thomas et Benjamin sont tr\u00e8s attentifs \u00e0 leur public. Le temps de louange au centre du concert fut un temps de gr\u00e2ce comme le chant \u00e0 Marie de la fin. Ce groupe est porteur d&rsquo;esp\u00e9rance et le public est reparti en ayant en lui une grande force. Les r\u00e9actions d&rsquo;apr\u00e8s concert fusent et ce n&rsquo;est que du bonheur. \u00bb<\/p>\n<div align=\"center\"><img decoding=\"async\" src=\"\/IMG\/jpg\/GLORIOUS-1-2.jpg\" width=400\"><\/div>\n<p>Les r\u00e9actions prises au hasard dans le public dijonnais<\/p>\n<p>\u00ab Je tiens \u00e0 vous remercier de nous avoir permis de vivre ce moment de louange merveilleux, touchant, inoubliable! \u00bb Hilde<\/p>\n<p> \u00ab Ce fut une merveilleuse soir\u00e9e pour nous tous ! Nos trois jeunes \u00e9taient tr\u00e8s enthousiastes, ils ont ador\u00e9. Nous avons trouv\u00e9 ce groupe tr\u00e8s sympa, et dou\u00e9s pour partager une foi vivante avec leur public \u00bb. Anne<\/p>\n<p> \u00ab Merci pour cette soir\u00e9e, c&rsquo;\u00e9tait \u00ab\u00a0g\u00e9ant\u00a0\u00bb \u00bb Emmanuel<\/p>\n<p> \u00ab Une telle \u00e9nergie dans une Eglise est beau \u00e0 vivre ! \u00bb Marcel<\/p>\n<div align=\"center\"><img decoding=\"async\" src=\"\/IMG\/jpg\/GLORIOUS-3-2.jpg\" width=400\"><\/div>\n<p>\u00ab Vous avez r\u00e9ussi \u00e0 abattre plein de barri\u00e8res gr\u00e2ce \u00e0 cette soir\u00e9e \u00bb. Audrey<\/p>\n<p>\u00ab  Bravo encore pour ce magnifique concert et tout le bonheur  donn\u00e9 autour de vous! \u00bb Blandine<\/p>\n<p>\u00ab Bonne journ\u00e9e et bonne derni\u00e8re ligne droite avant votre concert \u00e0 Meaux \u00bb Sylvie Pig\u00e9<\/p>\n<p>Le prix des places est fix\u00e9 \u00e0 8\u00e2\u201a\u00ac si vous ne tardez pas \u00e0 r\u00e9server vos places. Le soir du concert, les billets seront vendus 12\u00e2\u201a\u00ac. Vous pouvez constituer des groupes pour r\u00e9duire les frais ! 7\u00e2\u201a\u00ac par personnes \u00e0 partir de 20 personnes, 6\u00e2\u201a\u00ac \u00e0 partir de 30 et 5,5\u00e2\u201a\u00ac \u00e0 partir de 50 ! (Aum\u00f4neries, groupes d&rsquo;amis, patrouilles, scouts). Une occasion \u00e0 ne pas manquer \u00e0 moins que vous ne souhaitiez vous rendre \u00e0 Mercurol (26), Beauvais (60), Melle (79), Vourles (69), ou Davezieux (07).<\/p>\n<div align=\"center\"><img decoding=\"async\" src=\"\/IMG\/jpg\/GLORIOUS-2-2.jpg\" width=400\"><\/div>\n<p>Petite antis\u00e8che sur le groupe GLORIOUS<\/p>\n<p>Jeunes, bien dans leur peau, impr\u00e9gn\u00e9s de Goldman, Oasis, Calog\u00e9ro ou Coldplay, trois fr\u00e8res de sang se lancent dans l&rsquo;aventure musicale laissant derri\u00e8re eux leurs \u00e9tudes. Leur but est clair : transmettre aux jeunes de leur g\u00e9n\u00e9ration un message d&rsquo;esp\u00e9rance, de paix, de foi \u00e0 travers une musique actuelle et in\u00e9dite en France, la \u00ab Pop Louange \u00bb, inspir\u00e9 des mouvements chr\u00e9tiens anglo-saxons !<br \/>\nAlors qu&rsquo;on leur pr\u00e9disait un maximum de 2000 ventes dans un milieu chr\u00e9tien soit disant d\u00e9sert\u00e9 par les jeunes, Glorious atteint 120 000 ventes, donne plus de 350 concerts dans toute la France (La Cigale  le Z\u00e9nith de Toulouse  le Transbordeur \u00e0 Lyon\u00e2\u20ac\u00a6) et \u00e0 l&rsquo;\u00e9tranger (Italie, Allemagne, Belgique, Hongrie &#8230;). Loin du clich\u00e9 \u00ab J\u00e9sus revient \u00bb, Glorious intrigue et passionne par son franc-parler, sa jeunesse, son professionnalisme et sa r\u00e9ussite in\u00e9dite. La presse s&#8217;empare du ph\u00e9nom\u00e8ne : 7 \u00e0 8, Thierry Ardisson, Laurent Ruquier, Les grandes Gueules de RMC, L&rsquo;Express, La Croix, Lib\u00e9ration \u00e2\u20ac\u00a6<br \/>\nSuite \u00e0 un troisi\u00e8me album marqu\u00e9 par une collaboration avec Steve Prestage (Ing\u00e9nieur du son de De Palmas, Johnny Hallyday&#8230;), Thomas (chanteur, pianiste et compositeur) part un an pour une coop\u00e9ration en Afrique.<br \/>\nEn 2008, Glorious revient sur le devant de la sc\u00e8ne avec une double actualit\u00e9 : un 4\u00e8me album et l&rsquo;ouverture de Lyon Centre, centre musical chr\u00e9tien.<\/p>\n<div align=\"center\"><img decoding=\"async\" src=\"\/IMG\/jpg\/GLORIUOS-5-2.jpg\" width=400\"><\/div>\n","protected":false},"excerpt":{"rendered":"<p>Apr\u00e8s son concert de samedi dernier \u00e0\u00a0 Dijon, Glorious, le 1er groupe de Pop Louange de France emmen\u00e9 par les 2 frangins Benjamin et Thomas Pouzin d\u00e9barque enfin \u00e0\u00a0 Meaux, dans la cour \u00e9piscopale&#46;&#46;&#46;<\/p>\n","protected":false},"author":2,"featured_media":0,"comment_status":"open","ping_status":"open","sticky":false,"template":"","format":"standard","meta":{"footnotes":""},"categories":[],"tags":[],"class_list":["post-240","post","type-post","status-publish","format-standard","hentry"],"_links":{"self":[{"href":"http:\/\/www.chapelle-crecy.com\/index.php?rest_route=\/wp\/v2\/posts\/240","targetHints":{"allow":["GET"]}}],"collection":[{"href":"http:\/\/www.chapelle-crecy.com\/index.php?rest_route=\/wp\/v2\/posts"}],"about":[{"href":"http:\/\/www.chapelle-crecy.com\/index.php?rest_route=\/wp\/v2\/types\/post"}],"author":[{"embeddable":true,"href":"http:\/\/www.chapelle-crecy.com\/index.php?rest_route=\/wp\/v2\/users\/2"}],"replies":[{"embeddable":true,"href":"http:\/\/www.chapelle-crecy.com\/index.php?rest_route=%2Fwp%2Fv2%2Fcomments&post=240"}],"version-history":[{"count":0,"href":"http:\/\/www.chapelle-crecy.com\/index.php?rest_route=\/wp\/v2\/posts\/240\/revisions"}],"wp:attachment":[{"href":"http:\/\/www.chapelle-crecy.com\/index.php?rest_route=%2Fwp%2Fv2%2Fmedia&parent=240"}],"wp:term":[{"taxonomy":"category","embeddable":true,"href":"http:\/\/www.chapelle-crecy.com\/index.php?rest_route=%2Fwp%2Fv2%2Fcategories&post=240"},{"taxonomy":"post_tag","embeddable":true,"href":"http:\/\/www.chapelle-crecy.com\/index.php?rest_route=%2Fwp%2Fv2%2Ftags&post=240"}],"curies":[{"name":"wp","href":"https:\/\/api.w.org\/{rel}","templated":true}]}}