{"id":241,"date":"2010-05-09T12:29:00","date_gmt":"2010-05-09T12:29:00","guid":{"rendered":""},"modified":"-0001-11-30T00:00:00","modified_gmt":"-0001-11-29T22:00:00","slug":"","status":"publish","type":"post","link":"http:\/\/www.chapelle-crecy.com\/?p=241","title":{"rendered":"Annonces de la semaine du 10 au 16 mai 2010"},"content":{"rendered":"<table bgcolor =\"F0FAFF\" border=0>\n<tbody>\n<tr>\n<td>\n<div align=\"justify\">\n<div \"159\">Voici les annonces de la semaine du lundi 10 au dimanche 16 mai pour la paroisse des 3 clochers Cr\u00e9cy-la-Chapelle, Villiers-sur-Morin, Voulangis.<br \/>\nSamedi 15 : 18h30 messe \u00e0\u00a0 Villiers.<br \/>\nDimanche 16 : messe \u00e0\u00a0 Cr\u00e9cy.<br \/>\nTout le programme d\u00e9taill\u00e9 dans la suite &#8230; <a><br \/> \n<\/div>\n<\/td>\n<\/tr>\n<\/tbody>\n<\/table>\n<table bgcolor =\"F0F6FF\" border=0>\n<tbody>\n<tr>\n<td width=\"25%\"><font color=\"0020FF\">Lundi 10 mai<\/font><\/td>\n<td width=\"40%\"><font color=\"0020FF\">17 h &#8211; c\u00e9l\u00e9bration \u00e0 la Maison de Retraite.<\/font><\/td>\n<td><font color=\"0020FF\"><\/p>\n<div align=\"center\"><img decoding=\"async\" src=\"\/IMG\/gif\/lumiere_65.gif\"><\/div>\n<p><\/font><\/td>\n<\/tr>\n<tr>\n<td><\/td>\n<td><font color=\"CC20AA\">Le P\u00e8re Aim\u00e9 \u00e9tant absent  jusqu&rsquo;\u00e0 samedi , il n&rsquo;y aura pas de Messe durant la semaine, hormis celle de l&rsquo;Ascension.<br \/>\n<\/font><\/td>\n<td><\/td>\n<\/tr>\n<tr>\n<td><font color=\"00CC00\">Jeudi 13 mai<\/font><\/td>\n<td><font color=\"00CC00\">10 h 30 &#8211; Solennit\u00e9 de l&rsquo;Ascension  \u00e0  l&rsquo;\u00e9glise St Georges.<\/font><\/td>\n<td><font color=\"0020FF\"><\/p>\n<div align=\"center\"><img decoding=\"async\" src=\"\/IMG\/gif\/bibles004.gif\" ><\/div>\n<p><\/fonT><\/td>\n<\/tr>\n<tr>\n<td><font color=\"0020FF\">Samedi 15 mai<\/font><\/td>\n<td><font color=\"0020FF\"><\/p>\n<div align=\"center\"><img decoding=\"async\" src=\"\/IMG\/lieux\/villiers_eglise.jpg\" width=150><\/div>\n<p><\/font><\/td>\n<td><font color=\"0020FF\">18 h 30 &#8211; A Villiers Messe anniversaire pour Hermane DEON.<br \/>Nous prierons aussi pour Lucie RICHOILLEY.<\/font><\/td>\n<\/tr>\n<tr>\n<td><font color=\"00CC00\">Dimanche 16 mai<\/font><\/td>\n<td><font color=\"00CC00\">10 h 30 &#8211; Messe \u00e0 Cr\u00e9cy pour Andr\u00e9 DAVY et Herv\u00e9 DEFLANDRE.<\/font><\/td>\n<td><font color=\"00CC00\"><\/p>\n<div align=\"center\"><img decoding=\"async\" src=\"\/IMG\/lieux\/stgeorges01.jpg\" width=150><\/div>\n<p><\/font><\/td>\n<\/tr>\n<\/tbody>\n<\/table>\n","protected":false},"excerpt":{"rendered":"<p>Voici les annonces de la semaine du lundi 10 au dimanche 16 mai pour la paroisse des 3 clochers Cr\u00e9cy-la-Chapelle, Villiers-sur-Morin, Voulangis. Samedi 15 : 18h30 messe \u00e0\u00a0 Villiers. Dimanche 16 : messe \u00e0\u00a0&#46;&#46;&#46;<\/p>\n","protected":false},"author":2,"featured_media":0,"comment_status":"open","ping_status":"open","sticky":false,"template":"","format":"standard","meta":{"footnotes":""},"categories":[],"tags":[],"class_list":["post-241","post","type-post","status-publish","format-standard","hentry"],"_links":{"self":[{"href":"http:\/\/www.chapelle-crecy.com\/index.php?rest_route=\/wp\/v2\/posts\/241","targetHints":{"allow":["GET"]}}],"collection":[{"href":"http:\/\/www.chapelle-crecy.com\/index.php?rest_route=\/wp\/v2\/posts"}],"about":[{"href":"http:\/\/www.chapelle-crecy.com\/index.php?rest_route=\/wp\/v2\/types\/post"}],"author":[{"embeddable":true,"href":"http:\/\/www.chapelle-crecy.com\/index.php?rest_route=\/wp\/v2\/users\/2"}],"replies":[{"embeddable":true,"href":"http:\/\/www.chapelle-crecy.com\/index.php?rest_route=%2Fwp%2Fv2%2Fcomments&post=241"}],"version-history":[{"count":0,"href":"http:\/\/www.chapelle-crecy.com\/index.php?rest_route=\/wp\/v2\/posts\/241\/revisions"}],"wp:attachment":[{"href":"http:\/\/www.chapelle-crecy.com\/index.php?rest_route=%2Fwp%2Fv2%2Fmedia&parent=241"}],"wp:term":[{"taxonomy":"category","embeddable":true,"href":"http:\/\/www.chapelle-crecy.com\/index.php?rest_route=%2Fwp%2Fv2%2Fcategories&post=241"},{"taxonomy":"post_tag","embeddable":true,"href":"http:\/\/www.chapelle-crecy.com\/index.php?rest_route=%2Fwp%2Fv2%2Ftags&post=241"}],"curies":[{"name":"wp","href":"https:\/\/api.w.org\/{rel}","templated":true}]}}