{"id":242,"date":"2010-05-14T13:02:09","date_gmt":"2010-05-14T13:02:09","guid":{"rendered":""},"modified":"-0001-11-30T00:00:00","modified_gmt":"-0001-11-29T22:00:00","slug":"","status":"publish","type":"post","link":"http:\/\/www.chapelle-crecy.com\/?p=242","title":{"rendered":"Meaux : Glorious \u00e9tait C\u00e9leste"},"content":{"rendered":"<table bgcolor =\"F0FAFF\" border=0>\n<tbody>\n<tr>\n<td>\n<div align=\"justify\">\n<div \"160\">Le groupe de \u00ab pop-louange \u00bb a enflamm\u00e9 la cour \u00e9piscopale de Meaux. Plus de 750 personnes ont assist\u00e9 ce samedi 8 mai \u00e0\u00a0 un concert exceptionnel.  D\u00e8s les premiers sons de guitare, Thomas a invit\u00e9 l&rsquo;assembl\u00e9e \u00e0\u00a0 lever les mains vers le ciel pour louer Dieu. Le ton \u00e9tait donn\u00e9. Par ailleurs, son fr\u00e8re Benjamin ne pouvait participer \u00e0\u00a0 ce concert en raison de la naissance de sa fille C\u00e9leste. Mais depuis Lyon, il \u00e9tait assur\u00e9ment en union de pri\u00e8re avec l&rsquo;assembl\u00e9e meldoise.<\/div>\n<\/div>\n<\/td>\n<\/tr>\n<\/tbody>\n<\/table>\n<div align=\"center\"><img decoding=\"async\" src=\"\/IMG\/jpg\/cathedrale.jpg\" width=300\"><\/div>\n<div align=\"justify\">Samedi soir, 20h30. Le ciel est mena\u00e7ant au dessus de la cath\u00e9drale de Meaux. Les restaurateurs, sur le pas de porte de leur salle encore ouverte de la rue Saint Etienne s&rsquo;interrogent sur les raisons d&rsquo;une telle affluence vers les grilles du jardin Bossuet. Le spectacle historique de Meaux n&rsquo;a pourtant pas encore d\u00e9but\u00e9 ! (1\u00e8re repr\u00e9sentation le vendredi 11 juin 2010 \u00e0 22h30). Une foule dense et jeune se presse le long des barri\u00e8res en direction du Vieux Chapitre. Le public s&rsquo;installe patiemment. Il est 21 h 00 pass\u00e9es quand Thomas et ses musiciens, prennent place sur l&rsquo;estrade, sous les cris d&rsquo;encouragement de l&rsquo;assembl\u00e9e. <\/p>\n<div align=\"center\"><img decoding=\"async\" src=\"\/IMG\/jpg\/Thomas.jpg\" width=300\"><\/div>\n<p>Les invitations au concert avaient \u00e9t\u00e9 largement distribu\u00e9es dans les \u00e9glises et les \u00e9coles, de nombreuses affiches avaient \u00e9t\u00e9 placard\u00e9es sur les panneaux d&rsquo;affichage de la r\u00e9gion. Le staff de l&rsquo;\u00e9quipe \u00ab Toujours Plus Loin \u00bb avaient souhait\u00e9 faire venir un maximum de non-initi\u00e9s, m\u00eame si Glorious est d\u00e9j\u00e0 connu du plus grand nombre. Gauthier les entend pourtant pour la premi\u00e8re fois : \u00ab J&rsquo;ai beaucoup de joie \u00e0 chanter. Je trouve que le pop-rock chr\u00e9tien est un id\u00e9e g\u00e9niale et que louer Dieu ainsi peut s&rsquo;envisager. \u00bb Une autre guide-a \u00een\u00e9e (scout) rench\u00e9rit : \u00ab\u00a0J&rsquo;ai d\u00e9couvert ce groupe. Avant de venir au concert, je suis all\u00e9e sur Facebook et j&rsquo;ai command\u00e9 les cinq CD d&rsquo;un coup par internet. J&rsquo;ai flash\u00e9 sur ce groupe&#8230;\u00a0\u00bb Sous la vo\u00fbte c\u00e9leste du ciel de Meaux, les cris redoublent aux premi\u00e8res notes. Les non-avertis qui guettaient de calmes cantiques sont d\u00e9sormais \u00e9clair\u00e9s. <\/p>\n<div align=\"center\"><img decoding=\"async\" src=\"\/IMG\/jpg\/La_Bible.jpg\" width=300\"><\/div>\n<p> On pourrait penser que Glorious ressemble \u00e0 n&rsquo;importe quel autre groupes pop-rock, mais il n&rsquo;en est rien : Thomas nous rappelle que ce n&rsquo;est pas lui la star. Glorious est un groupe qui a pour vocation de chanter la gloire de Dieu. \u00ab Je veux voir resplendir la joie de Dieu dans vos coeurs ! \u00bb, lance Thomas, avant d&rsquo;entamer \u00ab Viens Saint Esprit embraser les nations, Viens Saint Esprit  sur cette g\u00e9n\u00e9ration \u00bb.<\/p>\n<div align=\"center\"><img decoding=\"async\" src=\"\/IMG\/jpg\/ecran_geant.jpg\" width=400\"><\/div>\n<p>Pr\u00e8s de la sc\u00e8ne, les paroles d\u00e9filent sur un \u00e9cran g\u00e9ant et sont reprises en choeur par toute l&rsquo;assembl\u00e9e. \u00abA travers ces magnifiques chants de louange, un message d&rsquo;esp\u00e9rance nous est donn\u00e9 \u00bb, t\u00e9moigne, petit sourire entendu, Laurence, maman de 3 jeunes enfants. \u00ab Les textes entre les chants m&rsquo;ont touch\u00e9 \u00e9norm\u00e9ment. Lever les mains tous ensemble vers notre Christ prouve bien qu&rsquo;il est vivant et que nous croyions tous en lui. Nous avons invit\u00e9 deux amis \u00e0 venir avec nous et nous leur avons offert le dernier CD. Ils \u00e9taient vraiment heureux. \u00bb<\/p>\n<div align=\"center\"><img decoding=\"async\" src=\"\/IMG\/jpg\/Concert.jpg\" width=400\"><\/div>\n<p> La pluie ne tombera plus maintenant et depuis le d\u00e9but de la soir\u00e9e, ce sont pr\u00e8s huit cents  personnes qui marquent d\u00e9sormais le rythme en tapant des mains. Certains \u00e9taient venus de loin pour assister \u00e0 ce concert :  \u00ab\u00a0Oui, je viens!\u00a0\u00bb Voil\u00e0 le cri du coeur que j&rsquo;ai lanc\u00e9 \u00e0 Jo\u00ebl quand il m&rsquo;a appris la venue du groupe Glorious \u00e0 Meaux, le 08 mai. Je connaissais d\u00e9j\u00e0 Glorious \u00e0 travers ses 2 premiers CD et je br\u00fblais d&rsquo;envie de participer \u00e0 un de leurs concerts.<br \/>\n Mais plus la date approchait, plus les invitations pour le 8 mai se faisaient nombreuses. Aussi quand des amis me demandaient: \u00ab\u00a0Alors tu ne seras pas l\u00e0 le 8 mai\u00a0\u00bb ma r\u00e9ponse est rest\u00e9e inchang\u00e9e : \u00ab\u00a0Non, je suis prise de longue date \u00e0 Meaux!\u00a0\u00bb. Et ce samedi est enfin arriv\u00e9. Nous nous sommes mis en route: 200km depuis les environs de Lille. Cette soir\u00e9e de louange nous a transport\u00e9e. Thomas et ses musiciens nous ont faits \u00ab\u00a0bondir\u00a0\u00bb de joie et la pluie ne nous a m\u00eame pas mouill\u00e9s, et le froid ne nous a m\u00eame pas touch\u00e9s. Merci aux organisateurs pour cette soir\u00e9e, nous nous sentons ressourc\u00e9es. \u00bb insistent Brigitte et sa fille Elo\u00efse, 11 ans, venues sp\u00e9cialement du Nord.<\/p>\n<div align=\"center\"><img decoding=\"async\" src=\"\/IMG\/jpg\/Bonds.jpg\" width=300\"><\/div>\n<p> La soir\u00e9e se d\u00e9roule dans une ambiance surr\u00e9aliste. Alternativement, Thomas fait des bonds avec sa guitare entre les mains, puis quelques morceaux plus tard, voil\u00e0 notre chanteur jouant du piano d&rsquo;une main et lisant la Bible de l&rsquo;autre. \u00ab Il nous a expliqu\u00e9 qu&rsquo;il ne fallait pas avoir peur de t\u00e9moigner autour de nous que J\u00e9sus est vivant, qu&rsquo;il nous aime et qu&rsquo;il est l\u00e0 au coeur de nos vies \u00bb raconte Cyrille, \u00e9tudiant en Terminale. \u00ab Ca redonne confiance \u00e0 l&rsquo;approche du bac ! \u00bb. Un peu plus tard, debout, bras lev\u00e9s vers le ciel, le public s&rsquo;\u00e9lance \u00e0 la suite de Thomas: \u00ab Levons les yeux, levons les mains, jusqu&rsquo;aux cieux, J\u00e9sus vient. \u00bb Le concert se termine sur une pri\u00e8re adress\u00e9e \u00e0 la Vierge Marie. Il est un peu plus de 22 h 30 quand Glorious quitte la sc\u00e8ne apr\u00e8s une intervention de Monseigneur Albert Marie de Monl\u00e9on : \u00ab Alors, \u00e0 l&rsquo;issue de cette ambiance de pri\u00e8re vraiment touchante qu&rsquo;on vient de vivre,  ils sont pas beaux les jeunes de Meaux ? \u00bb <\/p>\n<div align=\"center\"><img decoding=\"async\" src=\"\/IMG\/jpg\/jeunes.jpg\" width=400\"><\/div>\n<p>Le public charm\u00e9 a du mal \u00e0 quitter les lieux. Les organisateurs servent encore quelques boissons et autres pains au chocolat pendant que les jeunes enthousiasm\u00e9s discutent entre eux : \u00ab Nous avons pass\u00e9 une super soir\u00e9e avec d&rsquo;autres jeunes, c&rsquo;\u00e9tait une m\u00e9ga f\u00eate. On a aim\u00e9 danser, crier, bondir de joie\u00bb souligne Sybille. Quant \u00e0 Cyprien, il s&rsquo;interroge : \u00ab\u00a0J&rsquo;ai surtout aim\u00e9 quand un ami m&rsquo;a port\u00e9, j&rsquo;\u00e9tais plus haut et je voyais bien la sc\u00e8ne et Thomas qui sautait sur sc\u00e8ne avec sa guitare \u00e9lectrique. Quelle ambiance g\u00e9niale ! A quand la prochaine?\u00a0\u00bb<\/p>\n<div align=\"center\"><img decoding=\"async\" src=\"\/IMG\/jpg\/le_staff.jpg\" width=400\"><\/div>\n<p>Oui, chers amis organisateurs de TPL \u00ab\u00a0Toujours Plus Loin\u00a0\u00bb, avec Glorious et gr\u00e2ce \u00e0 vous, nous avons vraiment touch\u00e9 un bout du Ciel depuis cette terre de Meaux. Nous vous le demandons: il faut que vous invitiez le groupe \u00e0 revenir chez nous, l&rsquo;ann\u00e9e prochaine! <\/p>\n<p> <bgsound src=\"\/IMG\/son\/glorious_444.wma\"><\/p>\n<\/div>\n","protected":false},"excerpt":{"rendered":"<p>Le groupe de \u00ab pop-louange \u00bb a enflamm\u00e9 la cour \u00e9piscopale de Meaux. Plus de 750 personnes ont assist\u00e9 ce samedi 8 mai \u00e0\u00a0 un concert exceptionnel. D\u00e8s les premiers sons de guitare, Thomas&#46;&#46;&#46;<\/p>\n","protected":false},"author":2,"featured_media":0,"comment_status":"open","ping_status":"open","sticky":false,"template":"","format":"standard","meta":{"footnotes":""},"categories":[],"tags":[],"class_list":["post-242","post","type-post","status-publish","format-standard","hentry"],"_links":{"self":[{"href":"http:\/\/www.chapelle-crecy.com\/index.php?rest_route=\/wp\/v2\/posts\/242","targetHints":{"allow":["GET"]}}],"collection":[{"href":"http:\/\/www.chapelle-crecy.com\/index.php?rest_route=\/wp\/v2\/posts"}],"about":[{"href":"http:\/\/www.chapelle-crecy.com\/index.php?rest_route=\/wp\/v2\/types\/post"}],"author":[{"embeddable":true,"href":"http:\/\/www.chapelle-crecy.com\/index.php?rest_route=\/wp\/v2\/users\/2"}],"replies":[{"embeddable":true,"href":"http:\/\/www.chapelle-crecy.com\/index.php?rest_route=%2Fwp%2Fv2%2Fcomments&post=242"}],"version-history":[{"count":0,"href":"http:\/\/www.chapelle-crecy.com\/index.php?rest_route=\/wp\/v2\/posts\/242\/revisions"}],"wp:attachment":[{"href":"http:\/\/www.chapelle-crecy.com\/index.php?rest_route=%2Fwp%2Fv2%2Fmedia&parent=242"}],"wp:term":[{"taxonomy":"category","embeddable":true,"href":"http:\/\/www.chapelle-crecy.com\/index.php?rest_route=%2Fwp%2Fv2%2Fcategories&post=242"},{"taxonomy":"post_tag","embeddable":true,"href":"http:\/\/www.chapelle-crecy.com\/index.php?rest_route=%2Fwp%2Fv2%2Ftags&post=242"}],"curies":[{"name":"wp","href":"https:\/\/api.w.org\/{rel}","templated":true}]}}