{"id":243,"date":"2010-05-16T20:41:18","date_gmt":"2010-05-16T20:41:18","guid":{"rendered":""},"modified":"-0001-11-30T00:00:00","modified_gmt":"-0001-11-29T22:00:00","slug":"","status":"publish","type":"post","link":"http:\/\/www.chapelle-crecy.com\/?p=243","title":{"rendered":"Annonces de la semaine du 17 au 23 mai 2010"},"content":{"rendered":"<table bgcolor =\"F0FAFF\" border=0>\n<tbody>\n<tr>\n<td>\n<div align=\"justify\">\n<div \"161\">Voici les annonces de la semaine du lundi 17 au dimanche 23 mai pour la paroisse des 3 clochers Cr\u00e9cy-la-Chapelle, Villiers-sur-Morin, Voulangis.<br \/>\nSamedi 22 : 18h30 messe \u00e0\u00a0 Voulangis.<br \/>\nDimanche 23 : 10h30 profession de foi \u00e0\u00a0 la coll\u00e9giale.<br \/>\nTout le programme d\u00e9taill\u00e9 dans la suite &#8230; <a><br \/> \n<\/div>\n<\/td>\n<\/tr>\n<\/tbody>\n<\/table>\n<table bgcolor =\"F0F6FF\" border=0>\n<tbody>\n<tr>\n<td>\n<table bgcolor =\"F0F6FF\" border=0>\n<tbody>\n<tr>\n<td width=\"25%\"><font color=\"0020FF\">Lundi 17 mai<\/font><\/td>\n<td width=\"40%\"><font color=\"0020FF\">14 h 30 &#8211; R\u00e9union de l&rsquo;Equipe du Rosaire chez Madame ADAM.<\/font><\/td>\n<td><font color=\"0020FF\">17 h  Messe \u00e0 la Maison de Retraite pour Yves LOPPEZ.<br \/>\n20 h 30  R\u00e9union de l&rsquo;Equipe d&rsquo;Animation Pastorale.<\/font><\/td>\n<\/tr>\n<tr>\n<td width=\"25%\"><font color=\"802020\">Mercredi 19 mai<\/font><\/td>\n<td width=\"40%\"><font color=\"802020\">18 h  Messe \u00e0 Cr\u00e9cy pour Robert LORENTZ, Jacques GOLLIATH et les d\u00e9funts de la famille THION-MUNIER.<\/font><\/td>\n<td><font color=\"0020FF\"><\/p>\n<div align=\"center\"><img decoding=\"async\" src=\"\/IMG\/gif\/lumiere_65.gif\"><\/div>\n<p><\/font><\/td>\n<\/tr>\n<tr>\n<td><font color=\"00CC00\">Jeudi 20 mai<\/font><\/td>\n<td><font color=\"0020FF\"><\/p>\n<div align=\"center\"><img decoding=\"async\" src=\"\/IMG\/gif\/bibles004.gif\" ><\/div>\n<p><\/fonT><\/td>\n<td><font color=\"00CC00\">18 h 30  Messe \u00e0 Cr\u00e9cy pour Andr\u00e9e REYDEL et Simone RAYER.<\/font><\/td>\n<\/tr>\n<tr>\n<td><font color=\"0020FF\">Vendredi 21 mai<\/font><\/td>\n<td><font color=\"0020FF\">18 h &#8211; Messe \u00e0 Cr\u00e9cy pour Bruno GRANDIDIER et Jean DESLANDES.<br \/>\n<\/font><\/td>\n<td><font color=\"0020FF\">20 h  C\u00e9l\u00e9bration de la Profession de Foi.<\/fonT><\/td>\n<\/tr>\n<tr>\n<td><font color=\"802020\">Samedi 22 mai<\/font><\/td>\n<td><font color=\"802020\">10 h &#8211; R\u00e9union de l&rsquo;\u00e9quipe MEJ  \u00ab Jeunes T\u00e9moins \u00bb.<br \/>\n10 h \u00e0 12 h &#8211;  r\u00e9p\u00e9tition  de la Messe de dimanche pour les jeunes de la Profession de Foi.<\/font><\/td>\n<td><font color=\"802020\">18 h 30 &#8211; Messe \u00e0 Voulangis pour Andr\u00e9 GEORGIN et Georges PIGEON.<\/font><\/td>\n<\/tr>\n<tr>\n<td><font color=\"00CC00\">Dimanche 23 mai<br \/>Solennit\u00e9 de la Pentec\u00f4te.<\/font><\/td>\n<td><font color=\"00CC00\">10 h 30 &#8211; Messe de Profession de Foi \u00e0 la Coll\u00e9giale.<\/font><\/td>\n<td><font color=\"00CC00\">20 h 30 &#8211; Dans le cadre du jumelage officiel du samedi 22 entre Pielenhofen et Cr\u00e9cy la Chapelle, grand concert gratuit \u00e0 la Coll\u00e9giale par le groupe musical bavarois et le Petit Choeur du  Grand Morin.<\/font><\/td>\n<\/tr>\n<\/tbody>\n<\/table>\n<p><font color=\"0020FF\">En avant Premi\u00e8re \u00e2\u20ac\u00a6<\/p>\n<p>La semaine suivante d\u00e9butera, lundi 24 \u00e0 10 h, par une messe c\u00e9l\u00e9br\u00e9e \u00e0 Cr\u00e9cy par notre Cur\u00e9 de  P\u00f4le, le P\u00e8re Philippe LEGRAND, anim\u00e9e par ces deux chorales.<br \/>\n<br \/> <br \/>\nEt le mardi 25, \u00e0 20 h 30, \u00e0 la salle Altmann \u00e0 Cr\u00e9cy, vous \u00eates invit\u00e9s \u00e0 l&rsquo;Assembl\u00e9e G\u00e9n\u00e9rale de l&rsquo;Association AMITIE BRIE\/BENIN.<\/fonT>\n<\/td>\n<\/tr>\n<\/tbody>\n<\/table>\n","protected":false},"excerpt":{"rendered":"<p>Voici les annonces de la semaine du lundi 17 au dimanche 23 mai pour la paroisse des 3 clochers Cr\u00e9cy-la-Chapelle, Villiers-sur-Morin, Voulangis. Samedi 22 : 18h30 messe \u00e0\u00a0 Voulangis. Dimanche 23 : 10h30 profession&#46;&#46;&#46;<\/p>\n","protected":false},"author":2,"featured_media":0,"comment_status":"open","ping_status":"open","sticky":false,"template":"","format":"standard","meta":{"footnotes":""},"categories":[],"tags":[],"class_list":["post-243","post","type-post","status-publish","format-standard","hentry"],"_links":{"self":[{"href":"http:\/\/www.chapelle-crecy.com\/index.php?rest_route=\/wp\/v2\/posts\/243","targetHints":{"allow":["GET"]}}],"collection":[{"href":"http:\/\/www.chapelle-crecy.com\/index.php?rest_route=\/wp\/v2\/posts"}],"about":[{"href":"http:\/\/www.chapelle-crecy.com\/index.php?rest_route=\/wp\/v2\/types\/post"}],"author":[{"embeddable":true,"href":"http:\/\/www.chapelle-crecy.com\/index.php?rest_route=\/wp\/v2\/users\/2"}],"replies":[{"embeddable":true,"href":"http:\/\/www.chapelle-crecy.com\/index.php?rest_route=%2Fwp%2Fv2%2Fcomments&post=243"}],"version-history":[{"count":0,"href":"http:\/\/www.chapelle-crecy.com\/index.php?rest_route=\/wp\/v2\/posts\/243\/revisions"}],"wp:attachment":[{"href":"http:\/\/www.chapelle-crecy.com\/index.php?rest_route=%2Fwp%2Fv2%2Fmedia&parent=243"}],"wp:term":[{"taxonomy":"category","embeddable":true,"href":"http:\/\/www.chapelle-crecy.com\/index.php?rest_route=%2Fwp%2Fv2%2Fcategories&post=243"},{"taxonomy":"post_tag","embeddable":true,"href":"http:\/\/www.chapelle-crecy.com\/index.php?rest_route=%2Fwp%2Fv2%2Ftags&post=243"}],"curies":[{"name":"wp","href":"https:\/\/api.w.org\/{rel}","templated":true}]}}