{"id":244,"date":"2010-05-23T07:02:00","date_gmt":"2010-05-23T07:02:00","guid":{"rendered":""},"modified":"-0001-11-30T00:00:00","modified_gmt":"-0001-11-29T22:00:00","slug":"","status":"publish","type":"post","link":"http:\/\/www.chapelle-crecy.com\/?p=244","title":{"rendered":"Les dons de l&rsquo;Esprit-Saint \u00e0\u00a0 Notre-Dame des Ardents \u00e0\u00a0 Lagny"},"content":{"rendered":"<table bgcolor =\"F0FAFF\" border=0>\n<tbody>\n<tr>\n<td>\n<div align=\"justify\">\n<div \"162\">Avec Thomas et ses amis musiciens, lors du dernier concert de Glorious \u00e0\u00a0 la cour \u00e9piscopale de Meaux, nous avons appel\u00e9s avec instance le Saint Esprit pour qu&rsquo;il vienne sur nous, sur notre g\u00e9n\u00e9ration. Et tous les jours de notre vie, il nous faut continuer d&rsquo;invoquer l&rsquo;Esprit Saint pour que nous sentions sa pr\u00e9sence dans notre quotidien, chaque fois que nous l&rsquo;appelons.<br \/>\nMais si vous \u00e9prouvez des difficult\u00e9s \u00e0\u00a0 faire l&rsquo;exp\u00e9rience du don de l&rsquo;Esprit, alors, en lien avec la communaut\u00e9 du Verbe de Vie*, des la\u00efcs et des pr\u00eatres vous invitent \u00e0\u00a0 vivre une retraite en paroisse, pr\u00e8s de chez vous, \u00e0\u00a0 Notre Dame des Ardents pendant 6 jeudis, en soir\u00e9e de 20H30 \u00e0\u00a0 22h00. Venez vivre, comme les disciples de J\u00e9sus, votre Pentec te!<\/div>\n<\/div>\n<\/td>\n<\/tr>\n<\/tbody>\n<\/table>\n<p>A quoi cela sert-il ?<\/p>\n<p>* A \u00eatre renouvel\u00e9 par le Seigneur dans les gr\u00e2ces re\u00e7ues au bapt\u00eame et \u00e0 la confirmation.<\/p>\n<p>* 6 soir\u00e9es : c&rsquo;est plein de bons fruits et des chr\u00e9tiens qui prient ensemble r\u00e9jouissent le coeur de Dieu.<\/p>\n<p>Ce temps fort sur 6 soir\u00e9es est destin\u00e9 \u00e0 tous.<\/p>\n<p>Voici le programme d\u00e9taill\u00e9:<\/p>\n<p>* Vivre une effusion de l&rsquo;Esprit Saint en paroisse durant le temps de Pentec\u00f4te;<\/p>\n<p>* Etre renouvel\u00e9 dans les gr\u00e2ces re\u00e7ues au Bapt\u00eame et \u00e0 la Confirmation;<\/p>\n<p>* D\u00e9couvrir la vie \u00e0 la suite du Christ pour vivre un nouvel \u00e9lan dans la foi.<\/p>\n<p>Rejoignez-nous donc les jeudis de 20h30 \u00e0 22h00:<br \/>\n20 &#8211; 27 mai 2010<br \/>\n3 &#8211; 10 &#8211; 17 &#8211; 24 juin 2010<br \/>\navec Action de gr\u00e2ce le 6\u00e8me jeudi<br \/>\nen l&rsquo;\u00e9glise Notre-Dame-des-Ardents de Lagny<\/p>\n<p>Renseignements:<br \/>\nLaetitia Fouilland: 01 60 43 82 23<br \/>\nSecr\u00e9tariat de la paroisse: 01 64 30 16 62<\/p>\n<p>La communaut\u00e9 du Verbe de Vie<\/p>\n<p>Voici une pr\u00e9sentation succincte de la communaut\u00e9 du Verbe de Vie que vous pouvez retrouver sur le site : http:\/\/www.leverbedevie.net<\/p>\n<p>Le Verbe de Vie est une Communaut\u00e9 Nouvelle Catholique, et a \u00e9t\u00e9 fond\u00e9e en France le 17 f\u00e9vrier 1986 \u00e0 l&rsquo;Abbaye d&rsquo;Aubazine (Corr\u00e8ze), par Monseigneur FROMENT, alors \u00e9v\u00eaque de Tulle. Elle est pr\u00e9sente en France, Suisse, Belgique, Br\u00e9sil, et Mali.<\/p>\n<p>La communaut\u00e9 du Verbe de vie repose sur trois fondements essentiels :<br \/>\n1) La pri\u00e8re de l&rsquo;Eglise<br \/>\nEucharistie, Adoration du Saint Sacrement, etc. <\/p>\n<p>2) L&rsquo;enseignement de l&rsquo;Eglise<br \/>\nL&rsquo;enseignement de l&rsquo;Eglise, Ecriture Sainte, etc.<\/p>\n<p>3) La vie communautaire<br \/>\nTous les membres de la communaut\u00e9 travaillent \u00e0 l&rsquo;int\u00e9rieur de chaque maison<\/p>\n<p>La Communaut\u00e9 regroupe en son sein des membres appartenant \u00e0 diff\u00e9rents \u00e9tats de vie &#8211; c\u00e9libataires, couples, familles, consacr\u00e9(e)s, clercs , appel\u00e9s \u00e0 vivre une m\u00eame spiritualit\u00e9 dans une fraternit\u00e9 \u00e0 la fois simple et profonde. Dans un enrichissement mutuel, la diversit\u00e9 des vocations rassembl\u00e9es en une m\u00eame famille, t\u00e9moigne de la richesse de l&rsquo;Eglise et du Royaume de Dieu.<\/p>\n","protected":false},"excerpt":{"rendered":"<p>Avec Thomas et ses amis musiciens, lors du dernier concert de Glorious \u00e0\u00a0 la cour \u00e9piscopale de Meaux, nous avons appel\u00e9s avec instance le Saint Esprit pour qu&rsquo;il vienne sur nous, sur notre g\u00e9n\u00e9ration.&#46;&#46;&#46;<\/p>\n","protected":false},"author":2,"featured_media":0,"comment_status":"open","ping_status":"open","sticky":false,"template":"","format":"standard","meta":{"footnotes":""},"categories":[],"tags":[],"class_list":["post-244","post","type-post","status-publish","format-standard","hentry"],"_links":{"self":[{"href":"http:\/\/www.chapelle-crecy.com\/index.php?rest_route=\/wp\/v2\/posts\/244","targetHints":{"allow":["GET"]}}],"collection":[{"href":"http:\/\/www.chapelle-crecy.com\/index.php?rest_route=\/wp\/v2\/posts"}],"about":[{"href":"http:\/\/www.chapelle-crecy.com\/index.php?rest_route=\/wp\/v2\/types\/post"}],"author":[{"embeddable":true,"href":"http:\/\/www.chapelle-crecy.com\/index.php?rest_route=\/wp\/v2\/users\/2"}],"replies":[{"embeddable":true,"href":"http:\/\/www.chapelle-crecy.com\/index.php?rest_route=%2Fwp%2Fv2%2Fcomments&post=244"}],"version-history":[{"count":0,"href":"http:\/\/www.chapelle-crecy.com\/index.php?rest_route=\/wp\/v2\/posts\/244\/revisions"}],"wp:attachment":[{"href":"http:\/\/www.chapelle-crecy.com\/index.php?rest_route=%2Fwp%2Fv2%2Fmedia&parent=244"}],"wp:term":[{"taxonomy":"category","embeddable":true,"href":"http:\/\/www.chapelle-crecy.com\/index.php?rest_route=%2Fwp%2Fv2%2Fcategories&post=244"},{"taxonomy":"post_tag","embeddable":true,"href":"http:\/\/www.chapelle-crecy.com\/index.php?rest_route=%2Fwp%2Fv2%2Ftags&post=244"}],"curies":[{"name":"wp","href":"https:\/\/api.w.org\/{rel}","templated":true}]}}