{"id":245,"date":"2010-05-19T21:15:34","date_gmt":"2010-05-19T21:15:34","guid":{"rendered":""},"modified":"-0001-11-30T00:00:00","modified_gmt":"-0001-11-29T22:00:00","slug":"","status":"publish","type":"post","link":"http:\/\/www.chapelle-crecy.com\/?p=245","title":{"rendered":"Concert pour Sophie et Sonia"},"content":{"rendered":"<div \"163\">\n<div align=\"center\"><img decoding=\"async\" src=\"\/IMG\/jpg\/concert_jumelles2.jpg\"><\/div>\n<\/div>\n<p>Voulangis est en deuil ! Jos\u00e9 et Jacqueline Mariano, 41 et 42 ans et leur fils Lucas (26 mois) sont d\u00e9c\u00e9d\u00e9s dans la nuit de lundi \u00e0 mardi 18 mai dans leur maison qui a pris feu pour des raisons encore inconnues. Les 2 soeurs jumelles Sophie et Sonia sont les rescap\u00e9es de cet atroce incendie. Par solidarit\u00e9, le comit\u00e9 des f\u00eates de Voulangis organise pour les aider mat\u00e9riellement, un concert. Vous pouvez \u00e9galement vous adresser \u00e0 la mairie pour effectuer vos dons:<br \/>\nT\u00e9l : 01.64.63.81.50 ou Email : mairie.voulangis@wanadoo.fr<\/p>\n<p>Dans de telles circonstances, il n&rsquo;y a pas de mots assez forts pour dire ce que l&rsquo;on ressent. Mais bien plus que n&rsquo;importe quel discours, en tant que chr\u00e9tien, nous pensons que la pri\u00e8re peut accompagner la douleur. Voici un texte de Paul, Premi\u00e8re lettre aux Thessaloniciens 4, 13-17:<\/p>\n<p>\u00ab\u00a0Fr\u00e8res, nous ne voulons pas vous laisser dans l&rsquo;ignorance au sujet de ceux qui se sont endormis dans la mort (&#8230;) J\u00e9sus, nous le croyons, est mort et ressuscit\u00e9; de m\u00eame, nous le croyons, ceux qui se sont endormis, Dieu, \u00e0 cause de J\u00e9sus, les emm\u00e8nera avec son fils. Ainsi nous serons pour toujours avec le Seigneur.\u00a0\u00bb<\/p>\n<p>Pri\u00e8re pour Jos\u00e9, Jacqueline et Lucas<\/p>\n<p>Accueille en ta tendresse <\/p>\n<p> P\u00e8re tr\u00e8s bon, accueille en ta tendresse<br \/>\n Ceux que la mort ram\u00e8ne \u00e0 la maison;<br \/>\n Puisque tu es fid\u00e8le \u00e0 ta promesse,<br \/>\n Viens au-devant de ceux que nous pleurons.<\/p>\n<p> Toi dont le fils connut douleur humaine<br \/>\n Quand il pleurait Lazare \u00e0 B\u00e9thanie,<br \/>\n Prends en piti\u00e9 le poids de notre peine<br \/>\n Au tout dernier d\u00e9part de nos trois amis.<\/p>\n<p> Toi qui guettait la route du Prodigue<br \/>\n Pour accourir le prendre par la main,<br \/>\n Rappelle-toi: nous sommes ta famille,<br \/>\n Ce sont des prodigues encor qui te reviennent.<\/p>\n<p> Comme un berger, ton fils a pris la route<br \/>\n De la brebis qu&rsquo;il cherche \u00e0 retrouver;<br \/>\n Viens nous redire au pire instant de doute<br \/>\n Que ton amour jamais n&rsquo;a renonc\u00e9.<\/p>\n<p> Christ et Seigneur, J\u00e9sus s&rsquo;est dit le fr\u00e8re<br \/>\n De qui subit le froid, la faim, la peur;<br \/>\n Donne en ce jour \u00e0 ceux qui l&rsquo;assist\u00e8rent<br \/>\n D&rsquo;\u00eatre appel\u00e9s: b\u00e9nis du Dieu Sauveur.<\/p>\n<p> Quand nous cherchons ici \u00e0 te conna \u00eetre,<br \/>\n Si nous voyons, c&rsquo;est comme en un miroir;<br \/>\n Vienne sur nous l&rsquo;\u00e9clat de ta lumi\u00e8re<br \/>\n Et face \u00e0 face nous pourrons te voir.<\/p>\n<p> Nous cheminons au pas de l&rsquo;esp\u00e9rance,<br \/>\n A la clart\u00e9 obscure de la foi;<br \/>\n Sois notre guide au seuil de ta pr\u00e9sence<br \/>\n O\u00f9 ton amour nous comblera de joie.<\/p>\n<p> A tes enfants unis dans la pri\u00e8re,<br \/>\n Donne la paix du coeur et de l&rsquo;esprit;<br \/>\n Nous te confions chaque homme en son myst\u00e8re,<br \/>\n Dieu notre P\u00e8re, accueille nos trois amis.<\/p>\n<p> Pierre Gauffriau<\/p>\n","protected":false},"excerpt":{"rendered":"<p>Voulangis est en deuil ! Jos\u00e9 et Jacqueline Mariano, 41 et 42 ans et leur fils Lucas (26 mois) sont d\u00e9c\u00e9d\u00e9s dans la nuit de lundi \u00e0 mardi 18 mai dans leur maison qui&#46;&#46;&#46;<\/p>\n","protected":false},"author":2,"featured_media":0,"comment_status":"open","ping_status":"open","sticky":false,"template":"","format":"standard","meta":{"footnotes":""},"categories":[],"tags":[],"class_list":["post-245","post","type-post","status-publish","format-standard","hentry"],"_links":{"self":[{"href":"http:\/\/www.chapelle-crecy.com\/index.php?rest_route=\/wp\/v2\/posts\/245","targetHints":{"allow":["GET"]}}],"collection":[{"href":"http:\/\/www.chapelle-crecy.com\/index.php?rest_route=\/wp\/v2\/posts"}],"about":[{"href":"http:\/\/www.chapelle-crecy.com\/index.php?rest_route=\/wp\/v2\/types\/post"}],"author":[{"embeddable":true,"href":"http:\/\/www.chapelle-crecy.com\/index.php?rest_route=\/wp\/v2\/users\/2"}],"replies":[{"embeddable":true,"href":"http:\/\/www.chapelle-crecy.com\/index.php?rest_route=%2Fwp%2Fv2%2Fcomments&post=245"}],"version-history":[{"count":0,"href":"http:\/\/www.chapelle-crecy.com\/index.php?rest_route=\/wp\/v2\/posts\/245\/revisions"}],"wp:attachment":[{"href":"http:\/\/www.chapelle-crecy.com\/index.php?rest_route=%2Fwp%2Fv2%2Fmedia&parent=245"}],"wp:term":[{"taxonomy":"category","embeddable":true,"href":"http:\/\/www.chapelle-crecy.com\/index.php?rest_route=%2Fwp%2Fv2%2Fcategories&post=245"},{"taxonomy":"post_tag","embeddable":true,"href":"http:\/\/www.chapelle-crecy.com\/index.php?rest_route=%2Fwp%2Fv2%2Ftags&post=245"}],"curies":[{"name":"wp","href":"https:\/\/api.w.org\/{rel}","templated":true}]}}