{"id":246,"date":"2010-05-23T11:17:29","date_gmt":"2010-05-23T11:17:29","guid":{"rendered":""},"modified":"-0001-11-30T00:00:00","modified_gmt":"-0001-11-29T22:00:00","slug":"","status":"publish","type":"post","link":"http:\/\/www.chapelle-crecy.com\/?p=246","title":{"rendered":"Annonces de la semaine du 24 au 30 mai 2010"},"content":{"rendered":"<table bgcolor =\"F0FAFF\" border=0>\n<tbody>\n<tr>\n<td>\n<div align=\"justify\">\n<div \"164\">Voici les annonces de la semaine du lundi 24 au dimanche 30 mai pour la paroisse des 3 clochers Cr\u00e9cy-la-Chapelle, Villiers-sur-Morin, Voulangis.<br \/>\nSamedi 29 : 18h30 messe \u00e0\u00a0 Voulangis.<br \/>\nDimanche 30 : 10h30 messe \u00e0\u00a0 Cr\u00e9cy.<br \/>\nTout le programme d\u00e9taill\u00e9 dans la suite &#8230; <br \/> \n<\/div>\n<\/td>\n<\/tr>\n<\/tbody>\n<\/table>\n<table bgcolor =\"F0F6FF\" border=0>\n<tbody>\n<tr>\n<td width=\"25%\"><font color=\"0020FF\">Lundi 24 mai<\/font><\/td>\n<td width=\"40%\"><font color=\"0020FF\">10 h &#8211; Messe \u00e0 Cr\u00e9cy \u00e0 l&rsquo;occasion du jumelage Pielenhofen\/Cr\u00e9cy c\u00e9l\u00e9br\u00e9e par le P\u00e8re Philippe LEGRANDanim\u00e9e par la Chorale Bavaroise et le Petit Choeur du Grand Morin.<\/font><\/td>\n<td><font color=\"0020FF\">17 h  C\u00e9l\u00e9bration \u00e0 la Maison de Retraite.<\/font><\/td>\n<\/tr>\n<tr>\n<td width=\"25%\"><font color=\"00CC00\">Mardi 25 mai<\/font><\/td>\n<td width=\"40%\"><font color=\"00CC00\">18 h &#8211; Messe \u00e0 Cr\u00e9cy pour Gratienne DELAGE et Gilberte TASSAN.<\/font><\/td>\n<td><font color=\"00CC00\">20 h 30 &#8211; Assembl\u00e9e G\u00e9n\u00e9rale de l&rsquo;Association AMITIE BRIE\/BENIN \u00e0 la salle Altmann, \u00e0 Cr\u00e9cy.<\/font><\/td>\n<\/tr>\n<tr>\n<td width=\"25%\"><font color=\"802020\">Mercredi 26 mai<\/font><\/td>\n<td width=\"40%\"><font color=\"802020\">9 h  Messe \u00e0 Cr\u00e9cy pour  Ren\u00e9 et Lucienne CHARPIGNON.<\/font><\/td>\n<td><font color=\"802020\">20 h 30 &#8211; Veill\u00e9e de pri\u00e8res \u00e0 Voulangis pour la famille Mariano.<\/font><\/td>\n<\/tr>\n<\/tbody>\n<\/table>\n<table bgcolor =\"F0F6FF\" border=0>\n<tbody>\n<tr>\n<td>\n<div align=\"justify\"><font color=\"0000FF\"><br \/>\nLors de la veill\u00e9e de pri\u00e8res pour la famille Mariano ce mercredi soir, une qu\u00eate sera effectu\u00e9e aupr\u00e8s de ceux et de celles qui veulent se joindre \u00e0 l&rsquo;\u00e9lan de solidarit\u00e9 qui a \u00e9t\u00e9 amorc\u00e9 par le comit\u00e9 des f\u00eates de Voulangis pour venir en aide mat\u00e9riellement \u00e0 Sophie et Sonia. Le p\u00e8re Philippe Legrand, cur\u00e9 de p\u00f4le de Meaux sera pr\u00e9sent ce soir \u00e0 cette veill\u00e9e.<\/td>\n<\/tr>\n<\/tbody>\n<\/table>\n<table bgcolor =\"F0F6FF\" border=0>\n<tbody>\n<tr>\n<td><font color=\"00CC00\">Jeudi 27 mai<\/font><\/td>\n<td><font color=\"00CC00\">14h &#8211; Obs\u00e8ques de Jos\u00e9, Jacqueline et Lucas Mariano \u00e0 Voulangis.<\/font><\/td>\n<td><font color=\"00CC00\">18 h  Messe \u00e0 Cr\u00e9cy pour  Anne et Ren\u00e9 COUVRI.<\/font><\/td>\n<\/tr>\n<tr>\n<td><font color=\"0020FF\">Vendredi 28 mai<\/font><\/td>\n<td><font color=\"0020FF\"> 9 h &#8211;  Messe \u00e0 Cr\u00e9cy pour  Andr\u00e9 DESMARETS et Thierry GUY.<\/font><\/td>\n<td><font color=\"0020FF\">17 h 30 \u00e0 18 h 45 &#8211;  R\u00e9union de l&rsquo;\u00e9quipe MEJ  \u00ab Jeunes T\u00e9moins \u00bb.<br \/>\n19 h 30 &#8211; R\u00e9union du Centre de Pr\u00e9paration au Mariage.<\/fonT><\/td>\n<\/tr>\n<tr>\n<td><font color=\"802020\">Samedi 29 mai<\/font><\/td>\n<td><font color=\"802020\"><\/p>\n<div align=\"center\"><img decoding=\"async\" src=\"\/IMG\/gif\/lumiere_65.gif\"><\/div>\n<p><\/font><\/td>\n<td><font color=\"802020\">18 h 30 &#8211; Messe \u00e0 Voulangis pour Raymonde LEMPEREUR et Philippe WAVRANT.<br \/>\n20 h &#8211; R\u00e9union de l&rsquo;\u00e9quipe MEJ des \u00ab T\u00e9moins d&rsquo;Aujourd&rsquo;hui \u00bb.<\/font><\/td>\n<\/tr>\n<tr>\n<td><font color=\"00CC00\">Dimanche 30 mai.<\/font><\/td>\n<td><font color=\"00CC00\">10 h 30 &#8211;  Messe \u00e0 Cr\u00e9cy pour Estelle HUYGHE et Daniel GOBANCE.<br \/>\nBapt\u00eame de Rapha\u00ebl DESCAMPS, Caroline RUETTE et Ambre EVE-CALDARO.<\/font><\/td>\n<td><font color=\"00CC00\"><\/p>\n<div align=\"center\"><img decoding=\"async\" src=\"\/IMG\/gif\/bibles004.gif\" ><\/div>\n<p><\/font><\/td>\n<\/tr>\n<\/tbody>\n<\/table>\n","protected":false},"excerpt":{"rendered":"<p>Voici les annonces de la semaine du lundi 24 au dimanche 30 mai pour la paroisse des 3 clochers Cr\u00e9cy-la-Chapelle, Villiers-sur-Morin, Voulangis. Samedi 29 : 18h30 messe \u00e0\u00a0 Voulangis. Dimanche 30 : 10h30 messe&#46;&#46;&#46;<\/p>\n","protected":false},"author":2,"featured_media":0,"comment_status":"open","ping_status":"open","sticky":false,"template":"","format":"standard","meta":{"footnotes":""},"categories":[],"tags":[],"class_list":["post-246","post","type-post","status-publish","format-standard","hentry"],"_links":{"self":[{"href":"http:\/\/www.chapelle-crecy.com\/index.php?rest_route=\/wp\/v2\/posts\/246","targetHints":{"allow":["GET"]}}],"collection":[{"href":"http:\/\/www.chapelle-crecy.com\/index.php?rest_route=\/wp\/v2\/posts"}],"about":[{"href":"http:\/\/www.chapelle-crecy.com\/index.php?rest_route=\/wp\/v2\/types\/post"}],"author":[{"embeddable":true,"href":"http:\/\/www.chapelle-crecy.com\/index.php?rest_route=\/wp\/v2\/users\/2"}],"replies":[{"embeddable":true,"href":"http:\/\/www.chapelle-crecy.com\/index.php?rest_route=%2Fwp%2Fv2%2Fcomments&post=246"}],"version-history":[{"count":0,"href":"http:\/\/www.chapelle-crecy.com\/index.php?rest_route=\/wp\/v2\/posts\/246\/revisions"}],"wp:attachment":[{"href":"http:\/\/www.chapelle-crecy.com\/index.php?rest_route=%2Fwp%2Fv2%2Fmedia&parent=246"}],"wp:term":[{"taxonomy":"category","embeddable":true,"href":"http:\/\/www.chapelle-crecy.com\/index.php?rest_route=%2Fwp%2Fv2%2Fcategories&post=246"},{"taxonomy":"post_tag","embeddable":true,"href":"http:\/\/www.chapelle-crecy.com\/index.php?rest_route=%2Fwp%2Fv2%2Ftags&post=246"}],"curies":[{"name":"wp","href":"https:\/\/api.w.org\/{rel}","templated":true}]}}