{"id":248,"date":"2010-05-31T07:30:00","date_gmt":"2010-05-31T07:30:00","guid":{"rendered":""},"modified":"-0001-11-30T00:00:00","modified_gmt":"-0001-11-29T22:00:00","slug":"","status":"publish","type":"post","link":"http:\/\/www.chapelle-crecy.com\/?p=248","title":{"rendered":"Envie de bien commencer l&rsquo;\u00e9t\u00e9? Venez au p\u00e9l\u00e9 de Lourdes !!!"},"content":{"rendered":"<table bgcolor =\"F0FAFF\" border=0>\n<tbody>\n<tr>\n<td>\n<div align=\"justify\">\n<div \"166\">Chaque ann\u00e9e le p\u00e8lerinage du dioc\u00e8se de Meaux \u00e0\u00a0 Lourdes permet de vivre une magnifique exp\u00e9rience de foi et de fraternit\u00e9, particuli\u00e8rement au contact des personnes malades et handicap\u00e9es avec l&rsquo;hospitalit\u00e9.<\/div>\n<\/div>\n<\/td>\n<\/tr>\n<\/tbody>\n<\/table>\n<div align=\"justify\">Pour la premi\u00e8re fois cette ann\u00e9e, un programme sp\u00e9cifique est propos\u00e9 aux jeunes de 18 \u00e0 30 ans qui souhaitent (re)d\u00e9couvrir Lourdes aux c\u00f4t\u00e9s des groupes des servants d&rsquo;autels, grands-clercs, hospitaliers juniors, et jeunes hospitaliers.<\/p>\n<p> Le p\u00e9l\u00e9 se d\u00e9roule du 5 au 10 juillet 2010 \u00e0 Lourdes autour du th\u00e8me \u00ab Le signe de la croix\u00bb<\/p>\n<p> Nous sommes tous invit\u00e9s \u00e0 venir vivre intens\u00e9ment ce temps de ressourcement !<\/p>\n<p> Activit\u00e9s<\/p>\n<p>&#8211;  D\u00e9couverte des sanctuaires (Basiliques, piscines,\u00e2\u20ac\u00a6)<\/p>\n<p>&#8211;  Participation aux temps dioc\u00e9sains (procession mariale, messe \u00e0 la Grotte,\u00e2\u20ac\u00a6)<\/p>\n<p>&#8211;  Randos, visites touristiques (parce qu&rsquo;un p\u00e9l\u00e9 pendant les vacances \u00e7a reste encore des vacances)<\/p>\n<p>&#8211;  Temps de discussions et d&rsquo;enseignement (avec le concours du P\u00e8re Fran\u00e7ois Labb\u00e9 qui accompagnera la d\u00e9marche spirituelle du groupe)<\/p>\n<p> Transport et h\u00e9bergement<\/p>\n<p> Le transport de Seine et Marne se fera en co-voiturage (donc conducteurs aguerris avec une voiture \u00e0 dispo manifestez-vous !) mais il est toujours possible de nous rejoindre par le train.<\/p>\n<p> Nous serons accueillis au camp Dominique Savio \u00ab Halte conviviale et spirituelle sur le chemin de la Grotte \u00bb \u00e0 quelques Km de Lourdes dans le magnifique petit village de Julos au pied des Pyr\u00e9n\u00e9es (et rien que pour ce lieu, \u00e7a vaut d\u00e9j\u00e0 le coup de venir !).<\/p>\n<p> Prix du s\u00e9jour:<\/p>\n<p> Les prix indiqu\u00e9s pour le moment sont encore provisoires mais ils ne devraient pas beaucoup \u00e9voluer. Et n&rsquo;oubliez pas que plus nous serons nombreux, moins \u00e7a co\u00fbte cher, alors faites de la pub autour de vous!<\/p>\n<p>&#8211; Avec le transport en co-voiturage : 250\u00e2\u201a\u00ac<br \/>\n&#8211; Avec le transport par ses propres moyens : 175\u00e2\u201a\u00ac<\/p>\n<p> (une question d&rsquo;argent ne doit emp\u00eacher un jeune de vivre ce p\u00e9l\u00e9 s&rsquo;il le souhaite\u00e2\u20ac\u00a6en cas de probl\u00e8me dites-le en toute simplicit\u00e9 on trouve toujours une solution)<\/p>\n<p> Int\u00e9ress\u00e9 ? d\u00e9j\u00e0 convaincu ? Vous trouverez en pi\u00e8ce jointe, un bulletin de pr\u00e9-inscription \u00e0 remplir et \u00e0 renvoyer \u00e0 l&rsquo;adresse suivante : joel.lahaille@gmail.com  ou laureko@msn.com<\/p>\n<p> Le nombre de places n&rsquo;est pas extensible, alors ne tardez pas pour donner votre r\u00e9ponse (m\u00eame n\u00e9gative)!<\/p>\n<p> Fraternellement,<br \/>\n Laure Koffel<br \/>\n laureko@msn.com<\/p>\n<p> PS : plus de d\u00e9tail tr\u00e8s bient\u00f4t pour les pr\u00e9-inscrits !\n<\/p><\/div>\n<p><embed src=\"\/IMG\/mp3\/Bells.mp3\" autostart=\"true\" loop=\"false\" hidden=\"true\"><\/embed><\/p>\n<div align=\"center\">\n<div class=\"entry-content\">\n<div class=\"entry-body\">\n<embed src=\"http:\/\/www.youtube.com\/v\/UxY7-sXt17Y\" width=\"400\" height=\"333\" type=\"application\/x-shockwave-flash\" wmode=\"transparent\" \/><\/embed \/><\/object \/><\/div>\n<\/div>\n<\/div>\n","protected":false},"excerpt":{"rendered":"<p>Chaque ann\u00e9e le p\u00e8lerinage du dioc\u00e8se de Meaux \u00e0\u00a0 Lourdes permet de vivre une magnifique exp\u00e9rience de foi et de fraternit\u00e9, particuli\u00e8rement au contact des personnes malades et handicap\u00e9es avec l&rsquo;hospitalit\u00e9. Pour la premi\u00e8re&#46;&#46;&#46;<\/p>\n","protected":false},"author":2,"featured_media":0,"comment_status":"open","ping_status":"open","sticky":false,"template":"","format":"standard","meta":{"footnotes":""},"categories":[],"tags":[],"class_list":["post-248","post","type-post","status-publish","format-standard","hentry"],"_links":{"self":[{"href":"http:\/\/www.chapelle-crecy.com\/index.php?rest_route=\/wp\/v2\/posts\/248","targetHints":{"allow":["GET"]}}],"collection":[{"href":"http:\/\/www.chapelle-crecy.com\/index.php?rest_route=\/wp\/v2\/posts"}],"about":[{"href":"http:\/\/www.chapelle-crecy.com\/index.php?rest_route=\/wp\/v2\/types\/post"}],"author":[{"embeddable":true,"href":"http:\/\/www.chapelle-crecy.com\/index.php?rest_route=\/wp\/v2\/users\/2"}],"replies":[{"embeddable":true,"href":"http:\/\/www.chapelle-crecy.com\/index.php?rest_route=%2Fwp%2Fv2%2Fcomments&post=248"}],"version-history":[{"count":0,"href":"http:\/\/www.chapelle-crecy.com\/index.php?rest_route=\/wp\/v2\/posts\/248\/revisions"}],"wp:attachment":[{"href":"http:\/\/www.chapelle-crecy.com\/index.php?rest_route=%2Fwp%2Fv2%2Fmedia&parent=248"}],"wp:term":[{"taxonomy":"category","embeddable":true,"href":"http:\/\/www.chapelle-crecy.com\/index.php?rest_route=%2Fwp%2Fv2%2Fcategories&post=248"},{"taxonomy":"post_tag","embeddable":true,"href":"http:\/\/www.chapelle-crecy.com\/index.php?rest_route=%2Fwp%2Fv2%2Ftags&post=248"}],"curies":[{"name":"wp","href":"https:\/\/api.w.org\/{rel}","templated":true}]}}