{"id":249,"date":"2010-06-02T10:39:50","date_gmt":"2010-06-02T10:39:50","guid":{"rendered":""},"modified":"-0001-11-30T00:00:00","modified_gmt":"-0001-11-29T22:00:00","slug":"","status":"publish","type":"post","link":"http:\/\/www.chapelle-crecy.com\/?p=249","title":{"rendered":"Kermesse paroissiale de Villeneuve-le-Comte"},"content":{"rendered":"<table bgcolor =\"F0FAFF\" border=0>\n<tbody>\n<tr>\n<td>\n<div align=\"justify\">\n<div \"167\">Qui n&rsquo;a jamais r\u00eav\u00e9 de voyager dans le temps et de se retrouver au milieu d&rsquo; une f\u00eate de village, il y a 100 ans ?<br \/>\nC&rsquo;est ce que vous pourrez vivre Dimanche 13 Juin sur la Grand&rsquo;place de Villeneuve-Le-Comte: Repas en plein-air, grillades Saucisses et Pur\u00e9e r\u00e9alis\u00e9es devant vous, battage du bl\u00e9 \u00e0\u00a0 l&rsquo;ancienne, fabrication de la farine et du pain, promenade en charette tir\u00e9e par un cheval, sciage du bois et deux magnifiques locomobiles \u00e0\u00a0 vapeur, centenaires fonctionneront devant vous!<br \/>\nStands de jeux pour tous, enveloppes toutes gagnantes, et les animaux de la ferme!<br \/>\n Association VIE ET JOIE Villeneuve le Comte<\/div>\n<\/div>\n<\/td>\n<\/tr>\n<\/tbody>\n<\/table>\n<div align=\"center\">\n<img decoding=\"async\" src=\"\/IMG\/jpg\/villeneuve.jpg\"><br \/>\nDes photos de l&rsquo;\u00e9dition 2008 :<br \/>\n<img decoding=\"async\" src=\"\/IMG\/jpg\/P1000765.jpg\" width=450><br \/>\nUn petit gar\u00e7on d\u00e9couvre l&rsquo;anc\u00eatre du DAB : Distributeur Automatique de Bl\u00e9<br \/>\n<img decoding=\"async\" src=\"\/IMG\/jpg\/P1000768.jpg\" width=450><br \/>\nMachine \u00e0 vapeur ou le nouvel express : WATT else ? <br \/>\n<img decoding=\"async\" src=\"\/IMG\/jpg\/P1000770.jpg\" width=450><br \/>\nMachine \u00e0 scie-troncs pour b\u00fbcheron press\u00e9<br \/>\n<img decoding=\"async\" src=\"\/IMG\/jpg\/P1000771.jpg\" width=450><br \/>\nL&rsquo;\u00e9glise de Villeneuve-le-Comte sous les vapeurs matinales (toutes nos excuses pour l&rsquo;engin gar\u00e9 sur la place du village)\n<\/div>\n","protected":false},"excerpt":{"rendered":"<p>Qui n&rsquo;a jamais r\u00eav\u00e9 de voyager dans le temps et de se retrouver au milieu d&rsquo; une f\u00eate de village, il y a 100 ans ? C&rsquo;est ce que vous pourrez vivre Dimanche 13&#46;&#46;&#46;<\/p>\n","protected":false},"author":2,"featured_media":0,"comment_status":"open","ping_status":"open","sticky":false,"template":"","format":"standard","meta":{"footnotes":""},"categories":[],"tags":[],"class_list":["post-249","post","type-post","status-publish","format-standard","hentry"],"_links":{"self":[{"href":"http:\/\/www.chapelle-crecy.com\/index.php?rest_route=\/wp\/v2\/posts\/249","targetHints":{"allow":["GET"]}}],"collection":[{"href":"http:\/\/www.chapelle-crecy.com\/index.php?rest_route=\/wp\/v2\/posts"}],"about":[{"href":"http:\/\/www.chapelle-crecy.com\/index.php?rest_route=\/wp\/v2\/types\/post"}],"author":[{"embeddable":true,"href":"http:\/\/www.chapelle-crecy.com\/index.php?rest_route=\/wp\/v2\/users\/2"}],"replies":[{"embeddable":true,"href":"http:\/\/www.chapelle-crecy.com\/index.php?rest_route=%2Fwp%2Fv2%2Fcomments&post=249"}],"version-history":[{"count":0,"href":"http:\/\/www.chapelle-crecy.com\/index.php?rest_route=\/wp\/v2\/posts\/249\/revisions"}],"wp:attachment":[{"href":"http:\/\/www.chapelle-crecy.com\/index.php?rest_route=%2Fwp%2Fv2%2Fmedia&parent=249"}],"wp:term":[{"taxonomy":"category","embeddable":true,"href":"http:\/\/www.chapelle-crecy.com\/index.php?rest_route=%2Fwp%2Fv2%2Fcategories&post=249"},{"taxonomy":"post_tag","embeddable":true,"href":"http:\/\/www.chapelle-crecy.com\/index.php?rest_route=%2Fwp%2Fv2%2Ftags&post=249"}],"curies":[{"name":"wp","href":"https:\/\/api.w.org\/{rel}","templated":true}]}}