{"id":251,"date":"2010-06-09T12:02:45","date_gmt":"2010-06-09T12:02:45","guid":{"rendered":""},"modified":"-0001-11-30T00:00:00","modified_gmt":"-0001-11-29T22:00:00","slug":"","status":"publish","type":"post","link":"http:\/\/www.chapelle-crecy.com\/?p=251","title":{"rendered":"Hommage \u00e0\u00a0 Mgr Marbeau le 13 juin 2010"},"content":{"rendered":"<table bgcolor =\"F0FAFF\" border=0>\n<tbody>\n<tr>\n<td>\n<div align=\"justify\">\n<div \"169\">Monseigneur Emmanuel Marbeau (1910-1921) fut l&rsquo;actif \u00ab \u00e9v\u00eaque de la Marne \u00bb.  L&rsquo;\u00e9vocation de celui qui marqua profond\u00e9ment le dioc\u00e8se de Meaux meurtri par la Grande Guerre (1914-1918) aura lieu devant la cath\u00e9drale Saint Etienne de Meaux le dimanche 13 juin 2010 \u00e0\u00a0 16h30. En cette ann\u00e9e sacerdotale, venons nombreux honorer la m\u00e9moire d&rsquo;une grande figure du dioc\u00e8se de Meaux. Venons d\u00e9couvrir et saluer le dynamisme de cet homme qui a beaucoup oeuvrer pour panser les plaies laiss\u00e9es par la d\u00e9sastreuse \u00ab\u00a0Bataille de la Marne\u00a0\u00bb. <\/div>\n<\/div>\n<\/td>\n<\/tr>\n<\/tbody>\n<\/table>\n<div align=\"center\"><img decoding=\"async\" src=\"\/IMG\/jpg\/Affiche_Mgr_Marbeau.jpg\" width=400><\/div>\n","protected":false},"excerpt":{"rendered":"<p>Monseigneur Emmanuel Marbeau (1910-1921) fut l&rsquo;actif \u00ab \u00e9v\u00eaque de la Marne \u00bb. L&rsquo;\u00e9vocation de celui qui marqua profond\u00e9ment le dioc\u00e8se de Meaux meurtri par la Grande Guerre (1914-1918) aura lieu devant la cath\u00e9drale Saint&#46;&#46;&#46;<\/p>\n","protected":false},"author":2,"featured_media":0,"comment_status":"open","ping_status":"open","sticky":false,"template":"","format":"standard","meta":{"footnotes":""},"categories":[],"tags":[],"class_list":["post-251","post","type-post","status-publish","format-standard","hentry"],"_links":{"self":[{"href":"http:\/\/www.chapelle-crecy.com\/index.php?rest_route=\/wp\/v2\/posts\/251","targetHints":{"allow":["GET"]}}],"collection":[{"href":"http:\/\/www.chapelle-crecy.com\/index.php?rest_route=\/wp\/v2\/posts"}],"about":[{"href":"http:\/\/www.chapelle-crecy.com\/index.php?rest_route=\/wp\/v2\/types\/post"}],"author":[{"embeddable":true,"href":"http:\/\/www.chapelle-crecy.com\/index.php?rest_route=\/wp\/v2\/users\/2"}],"replies":[{"embeddable":true,"href":"http:\/\/www.chapelle-crecy.com\/index.php?rest_route=%2Fwp%2Fv2%2Fcomments&post=251"}],"version-history":[{"count":0,"href":"http:\/\/www.chapelle-crecy.com\/index.php?rest_route=\/wp\/v2\/posts\/251\/revisions"}],"wp:attachment":[{"href":"http:\/\/www.chapelle-crecy.com\/index.php?rest_route=%2Fwp%2Fv2%2Fmedia&parent=251"}],"wp:term":[{"taxonomy":"category","embeddable":true,"href":"http:\/\/www.chapelle-crecy.com\/index.php?rest_route=%2Fwp%2Fv2%2Fcategories&post=251"},{"taxonomy":"post_tag","embeddable":true,"href":"http:\/\/www.chapelle-crecy.com\/index.php?rest_route=%2Fwp%2Fv2%2Ftags&post=251"}],"curies":[{"name":"wp","href":"https:\/\/api.w.org\/{rel}","templated":true}]}}