{"id":252,"date":"2010-06-08T10:51:35","date_gmt":"2010-06-08T10:51:35","guid":{"rendered":""},"modified":"-0001-11-30T00:00:00","modified_gmt":"-0001-11-29T22:00:00","slug":"","status":"publish","type":"post","link":"http:\/\/www.chapelle-crecy.com\/?p=252","title":{"rendered":"Concert lyrique exceptionnel \u00e0\u00a0 la Coll\u00e9giale le 12 juin \u00e0\u00a0 20h30"},"content":{"rendered":"<table bgcolor =\"F0FAFF\" border=0>\n<tbody>\n<tr>\n<td>\n<div align=\"justify\">\n<div \"170\">L&rsquo;association des \u00ab\u00a0Arts et Passions Villermorinois\u00a0\u00bb, situ\u00e9e \u00e0\u00a0 Villiers-sur-Morin et pr\u00e9sid\u00e9e par Ren\u00e9 Cazeneuve, accorde et consacre beaucoup de temps \u00e0\u00a0 tous les passionn\u00e9s amateurs et professionnels de la r\u00e9gion du Pays Cr\u00e9\u00e7ois. En effet, le but de l&rsquo;association est de faire d\u00e9couvrir au grand public des talents cach\u00e9s tels que, pour exemple, Mich\u00e8le Landais, 23 ans, jeune chanteuse lyrique.<\/div>\n<\/div>\n<\/td>\n<\/tr>\n<\/tbody>\n<\/table>\n<div align=\"justify\">D\u00e8s l&rsquo;\u00e2ge de 11 ans, Mich\u00e8le chante pour soulager son grand fr\u00e8re, \u00e9pileptique. Il faut savoir qu&rsquo;en France, nous comptons pr\u00e8s de 500.000 cas d&rsquo;\u00e9pileptique dont la moiti\u00e9 ont moins de vingt ans. Ce dysfonctionnement c\u00e9r\u00e9bral est, apr\u00e8s la migraine, le premier motif de consultation chez un neurologue. En musicologie, le chant et la musique facilitent le r\u00e9tablissement de la parole et la coordination motrice, permettant aussi le d\u00e9veloppement de l&rsquo;expression des sentiments.<\/p>\n<p> Elle se d\u00e9cide alors, \u00e0 l&rsquo;age de 14 ans, de rejoindre une chorale d&rsquo;adolescents puis, 2 ans plus tard, une chorale d&rsquo;adultes aupr\u00e8s de Bernard Cuvillier (succ\u00e9dant \u00e0 Andr\u00e9 Gateau), Pr\u00e9sident de la Chorale \u00abChoeur \u00e0 Coeur\u00bb situ\u00e9e \u00e0 Villeneuve-le-Comte o\u00f9 elle devient, 1 mois plus tard, soliste Soprano. Elle y restera 3 ans.<\/p>\n<p> Entendu et tr\u00e8s appr\u00e9ci\u00e9 de son public, c&rsquo;est vers l&rsquo;\u00e2ge de 17 ans qu&rsquo;elle a l&rsquo;occasion de prendre des cours de chants lyriques avec son professeur, Laura Agnoloni, actuellement Mezzo-Soprano dans le choeur de l&rsquo;Op\u00e9ra National de Paris. A ce jour, et toujours avec l&rsquo;aide de son professeur de chant, Mich\u00e8le pr\u00e9pare le concours national de l&rsquo;Op\u00e9ra Bastille pr\u00e9vu pour 2011.<\/p>\n<p> En 2004, Mich\u00e8le rencontre Daniel Chevalier, Guitariste et Pianiste. (Plus de 1.000 titres \u00e0 son actif depuis 35 ans). C&rsquo;est en 2007 qu&rsquo;elle r\u00e9alise, dans le studio d&rsquo;enregistrement de Daniel (auteur- compositeur, architecte urbaniste de profession et \u00e0 la fois Maire de Villeneuve-le-Comte), son tout premier album, intitul\u00e9 \u00ab\u00a0Les Larmes de Volcan\u00a0\u00bb comprenant une quinzaine de titres originaux, mariant diff\u00e9rents styles, du Folk, Blues, Bossa en passant par le Rock. Mettant son exp\u00e9rience au profit du talent de Mich\u00e8le, de par sa voix exceptionnelle couvrant 3 octaves, ils se produisent tous deux r\u00e9guli\u00e8rement dans les communes d&rsquo;Ile-de-France. (Favi\u00e8res, Villeneuve-le-Comte jusqu&rsquo;en Basse-Normandie). Le deuxi\u00e8me album est en cours de pr\u00e9paration.<\/p>\n<p> Parall\u00e8lement \u00e0 ces cours de chants, passionn\u00e9e de photographies naturelles, de graphisme, de communication, dessinatrice \u00e0 ces heures, Mich\u00e8le d\u00e9cide, en 2008, d&rsquo;effectuer un BTS d&rsquo;Assistante Technique d&rsquo;Ing\u00e9nieur \u00e0 Bussy-Saint-Georges ce qui lui permet d&rsquo;obtenir, par la suite, un emploi de Technicienne d&rsquo;Etudes chez INEO GDZ Suez, sous traitant de France Telecom.<\/p>\n<p> Mich\u00e8le ne souhaitant nullement devenir une professionnelle, souhaite avant tout autre chose, vivre de sa passion et procurer du plaisir \u00e0 son auditoire lorsque les occasions se pr\u00e9sentent. Elle dit \u00ab\u00a0Ne jamais avoir le trac de chanter\u00a0\u00bb. Ses chansons sont une panoplie de sentiments tristes et\/ou passionn\u00e9s, exprim\u00e9s par une voix l\u00e9g\u00e8re, douce et sensible, exprim\u00e9s dans des registres de chants lyriques, religieux, d&rsquo;op\u00e9ra et de vari\u00e9t\u00e9s.<\/p>\n<p> Pour proposer une offre de spectacle ou commander le CD, une seule adresse : les-larmes-de-volcan@hotmail.fr. En musique la seule ambition de Mich\u00e8le Landais et de Daniel Chevalier, c&rsquo;est de prendre du plaisir et de le faire partager.<\/p>\n<div align=\"center\"><img decoding=\"async\" src=\"\/IMG\/jpg\/prog_landais1206.jpg\" ><\/div>\n<p> Christophe Tran est n\u00e9 le 25 d\u00e9cembre 1980 \u00e0 Paris. Il d\u00e9bute le piano \u00e0 l&rsquo;\u00e2ge de 6 ans. Il commence ses \u00e9tudes musicales avec Martine Carrot au conservatoire municipal d&rsquo;Ozoir-la-Ferri\u00e8re. En 1994, il part \u00e0 Gen\u00e8ve pour suivre les cours de William Grant Nabor\u00e9 pendant deux ans. Il revient en France pour entrer au Conservatoire National de R\u00e9gion de Boulogne-Billancourt dans la classe de Marie-Paule Siruguet. Il entre l&rsquo;ann\u00e9e suivante au Conservatoire National Sup\u00e9rieur de Musique de Paris o\u00f9 il travaillera avec Bruno Rigutto, Nicholas Angelich, Henri Barda. Ses concerts l&rsquo;ont men\u00e9 \u00e0 Tokyo, Saint-Petersbourg, Bruges, New-York. Depuis son prix de piano, il travaille en tant qu&rsquo;accompagnateur au conservatoire d&rsquo;Ozoir o\u00f9 il a commenc\u00e9. Il est aussi professeur de musique en coll\u00e8ge o\u00f9 il communique sa passion pour cet art sans lequel la vie serait une erreur\u00e2\u20ac\u00a6<\/p>\n<div align=\"center\"><img decoding=\"async\" src=\"\/IMG\/jpg\/tran.jpg\" width=400><\/div>\n<\/div>\n","protected":false},"excerpt":{"rendered":"<p>L&rsquo;association des \u00ab\u00a0Arts et Passions Villermorinois\u00a0\u00bb, situ\u00e9e \u00e0\u00a0 Villiers-sur-Morin et pr\u00e9sid\u00e9e par Ren\u00e9 Cazeneuve, accorde et consacre beaucoup de temps \u00e0\u00a0 tous les passionn\u00e9s amateurs et professionnels de la r\u00e9gion du Pays Cr\u00e9\u00e7ois. En&#46;&#46;&#46;<\/p>\n","protected":false},"author":2,"featured_media":0,"comment_status":"open","ping_status":"open","sticky":false,"template":"","format":"standard","meta":{"footnotes":""},"categories":[],"tags":[],"class_list":["post-252","post","type-post","status-publish","format-standard","hentry"],"_links":{"self":[{"href":"http:\/\/www.chapelle-crecy.com\/index.php?rest_route=\/wp\/v2\/posts\/252","targetHints":{"allow":["GET"]}}],"collection":[{"href":"http:\/\/www.chapelle-crecy.com\/index.php?rest_route=\/wp\/v2\/posts"}],"about":[{"href":"http:\/\/www.chapelle-crecy.com\/index.php?rest_route=\/wp\/v2\/types\/post"}],"author":[{"embeddable":true,"href":"http:\/\/www.chapelle-crecy.com\/index.php?rest_route=\/wp\/v2\/users\/2"}],"replies":[{"embeddable":true,"href":"http:\/\/www.chapelle-crecy.com\/index.php?rest_route=%2Fwp%2Fv2%2Fcomments&post=252"}],"version-history":[{"count":0,"href":"http:\/\/www.chapelle-crecy.com\/index.php?rest_route=\/wp\/v2\/posts\/252\/revisions"}],"wp:attachment":[{"href":"http:\/\/www.chapelle-crecy.com\/index.php?rest_route=%2Fwp%2Fv2%2Fmedia&parent=252"}],"wp:term":[{"taxonomy":"category","embeddable":true,"href":"http:\/\/www.chapelle-crecy.com\/index.php?rest_route=%2Fwp%2Fv2%2Fcategories&post=252"},{"taxonomy":"post_tag","embeddable":true,"href":"http:\/\/www.chapelle-crecy.com\/index.php?rest_route=%2Fwp%2Fv2%2Ftags&post=252"}],"curies":[{"name":"wp","href":"https:\/\/api.w.org\/{rel}","templated":true}]}}