{"id":253,"date":"2010-06-10T14:14:07","date_gmt":"2010-06-10T14:14:07","guid":{"rendered":""},"modified":"-0001-11-30T00:00:00","modified_gmt":"-0001-11-29T22:00:00","slug":"","status":"publish","type":"post","link":"http:\/\/www.chapelle-crecy.com\/?p=253","title":{"rendered":"La f\u00eate des Peuples"},"content":{"rendered":"<table bgcolor =\"F0FAFF\" border=0>\n<tbody>\n<tr>\n<td>\n<div align=\"justify\">\n<div \"171\">Le 13 juin 2010, le secteur de Beauval\/St Jean-Bosco \u00e0\u00a0 Meaux accueillera notre P\u00f4le missionnaire \u00e0\u00a0 La F\u00eate des Peuples. Ce secteur est caract\u00e9ris\u00e9 par la diversit\u00e9 et le m\u00e9tissage de sa population. Cr\u00e9\u00e9e en l&rsquo;an 2000, Cette f\u00eate est un moment o\u00f9 l&rsquo;inter-culturalit\u00e9 est consid\u00e9r\u00e9 comme une chance et permet aux paroissiens un vivre ensemble tr\u00e8s enrichissant, o\u00f9 la communion fraternelle prend tout son sens.<\/div>\n<\/div>\n<\/td>\n<\/tr>\n<\/tbody>\n<\/table>\n<p>Baptis\u00e9s, ils sont fr\u00e8res et soeurs et enfants d&rsquo;un m\u00eame P\u00e8re. Ils appartiennent tous \u00e0 une grande famille qui leur permet de se rassembler et de s&rsquo;unir dans la pri\u00e8re, au nom de J\u00e9sus-Christ. Quelles que soient leurs origines, ils ne forment qu&rsquo;une seule communaut\u00e9 paroissiale.<br \/>\n La F\u00eate des Peuples est vite devenue un espace de rencontre tr\u00e8s attendu par les paroissiens et leurs amis. Cela leur donne la possibilit\u00e9 de vivre des moments conviviaux, joyeux et festifs, dans un lieu o\u00f9 on apprend \u00e0 se conna \u00eetre davantage.<br \/>\n La diversit\u00e9 d&rsquo;origine est v\u00e9cue dans le secteur comme une chance et une source d&rsquo;enrichissement et cela permet aux paroissiens de s&rsquo;enrichir mutuellement de leurs diff\u00e9rences.<br \/>\n Le jour de La F\u00eate des Peuples, les associations ou \u00ab groupes repr\u00e9sentatifs des cinq continents \u00bb s&rsquo;expriment selon leurs choix sur le plan culinaire, culturel, artistique etc., en mettant en valeur leurs sp\u00e9cificit\u00e9s.<\/p>\n<p> Le programme<\/p>\n<p>La journ\u00e9e commence par une c\u00e9l\u00e9bration eucharistique interculturelle<br \/>\n\u00ab La Messe des Peuples \u00bb, permettant de prier ensemble dans diff\u00e9rentes langues. Suivie d&rsquo;un ap\u00e9ritif d\u00e8s la fin de la messe, puis une animation de danses folkloriques sur l&rsquo;estrade. Pendant ce temps, sur les stands, d\u00e9gustation de repas aux milles saveurs \u00e0 petits prix. La journ\u00e9e se termine par un d\u00e9bat et des t\u00e9moignages sur le th\u00e8me choisi pour la rencontre.<br \/>\n Depuis sa cr\u00e9ation, la F\u00eate des Peuples s&rsquo;est tenue tous les ans. En 2008, le dernier Conseil paroissial a choisi de faire cette journ\u00e9e une ann\u00e9e sur deux.<br \/>\n D\u00e8s son lancement, les paroissiens ont toujours eu la volont\u00e9 de faire une ouverture plus large pour accueillir ceux qui ne fr\u00e9quentent pas habituellement l&rsquo;Eglise. C&rsquo;est ainsi qu&rsquo;ont \u00e9t\u00e9 re\u00e7u, \u00e0 chacune des f\u00eates, des groupes de danseurs antillais, africains, portugais\u00e2\u20ac\u00a6, groupes de danseurs  indiens et tamouls, en majorit\u00e9 bouddhistes. A \u00e9t\u00e9 aussi re\u00e7u un groupe de danseuses maliennes musulmanes. Plusieurs associations culturelles et sportives des quartiers Beauval et Collinet ont particip\u00e9 aux pr\u00e9c\u00e9dentes F\u00eates des Peuples, sans oublier de nombreux invit\u00e9s venus d&rsquo;autres dioc\u00e8ses.<br \/>\nCela reste un vrai d\u00e9fi de faire de cette rencontre inter culturelle, une rencontre inter religieuse. Le bilan reste tout de m\u00eame positif, car les gens, de plus en plus nombreux et en costumes traditionnelles, les associations, les mets gastronomiques, les spectacles\u00e2\u20ac\u00a6 sont de couleur arc-en-ciel et ce qui compte, c&rsquo;est la joie de vivre la communion fraternelle en \u00e9tant \u00ab tous diff\u00e9rents et tous ensemble \u00bb.<\/p>\n<p> Pour tout renseignement concernant cette belle journ\u00e9e, les contacts<\/p>\n<p>C&rsquo;est avec joie et bonheur que vous serez accueillis le 13 juin 2010 au Centre St Damien, 24 rue Beaumarchais, 77100 Meaux.<br \/>\nContact : Emilienne HAPPI- T\u00e9l. : 06.62.86.06.44 ou 01.60.41.01.70  Courriel : happi_emy@yahoo.fr<br \/>\nEmilienne HAPPI<\/p>\n","protected":false},"excerpt":{"rendered":"<p>Le 13 juin 2010, le secteur de Beauval\/St Jean-Bosco \u00e0\u00a0 Meaux accueillera notre P\u00f4le missionnaire \u00e0\u00a0 La F\u00eate des Peuples. Ce secteur est caract\u00e9ris\u00e9 par la diversit\u00e9 et le m\u00e9tissage de sa population. Cr\u00e9\u00e9e&#46;&#46;&#46;<\/p>\n","protected":false},"author":2,"featured_media":0,"comment_status":"open","ping_status":"open","sticky":false,"template":"","format":"standard","meta":{"footnotes":""},"categories":[],"tags":[],"class_list":["post-253","post","type-post","status-publish","format-standard","hentry"],"_links":{"self":[{"href":"http:\/\/www.chapelle-crecy.com\/index.php?rest_route=\/wp\/v2\/posts\/253","targetHints":{"allow":["GET"]}}],"collection":[{"href":"http:\/\/www.chapelle-crecy.com\/index.php?rest_route=\/wp\/v2\/posts"}],"about":[{"href":"http:\/\/www.chapelle-crecy.com\/index.php?rest_route=\/wp\/v2\/types\/post"}],"author":[{"embeddable":true,"href":"http:\/\/www.chapelle-crecy.com\/index.php?rest_route=\/wp\/v2\/users\/2"}],"replies":[{"embeddable":true,"href":"http:\/\/www.chapelle-crecy.com\/index.php?rest_route=%2Fwp%2Fv2%2Fcomments&post=253"}],"version-history":[{"count":0,"href":"http:\/\/www.chapelle-crecy.com\/index.php?rest_route=\/wp\/v2\/posts\/253\/revisions"}],"wp:attachment":[{"href":"http:\/\/www.chapelle-crecy.com\/index.php?rest_route=%2Fwp%2Fv2%2Fmedia&parent=253"}],"wp:term":[{"taxonomy":"category","embeddable":true,"href":"http:\/\/www.chapelle-crecy.com\/index.php?rest_route=%2Fwp%2Fv2%2Fcategories&post=253"},{"taxonomy":"post_tag","embeddable":true,"href":"http:\/\/www.chapelle-crecy.com\/index.php?rest_route=%2Fwp%2Fv2%2Ftags&post=253"}],"curies":[{"name":"wp","href":"https:\/\/api.w.org\/{rel}","templated":true}]}}